{"id":36341,"date":"2025-04-02T10:27:54","date_gmt":"2025-04-02T13:27:54","guid":{"rendered":"https:\/\/radiostudiow.com.br\/site\/?p=36341"},"modified":"2025-04-02T10:27:54","modified_gmt":"2025-04-02T13:27:54","slug":"saida-de-pista-na-br-153-mobiliza-equipes-de-resgate-em-mallet","status":"publish","type":"post","link":"https:\/\/radiostudiow.com.br\/site\/2025\/04\/02\/saida-de-pista-na-br-153-mobiliza-equipes-de-resgate-em-mallet\/","title":{"rendered":"Sa\u00edda de pista na BR-153 mobiliza equipes de resgate em Mallet"},"content":{"rendered":"\n<figure class=\"wp-block-image size-full\"><img loading=\"lazy\" decoding=\"async\" width=\"897\" height=\"204\" src=\"https:\/\/radiostudiow.com.br\/site\/wp-content\/uploads\/2025\/03\/BARAO-NOVO-NOTICIAS-1.jpg\" alt=\"\" class=\"wp-image-35084\" srcset=\"https:\/\/radiostudiow.com.br\/site\/wp-content\/uploads\/2025\/03\/BARAO-NOVO-NOTICIAS-1.jpg 897w, https:\/\/radiostudiow.com.br\/site\/wp-content\/uploads\/2025\/03\/BARAO-NOVO-NOTICIAS-1-300x68.jpg 300w, https:\/\/radiostudiow.com.br\/site\/wp-content\/uploads\/2025\/03\/BARAO-NOVO-NOTICIAS-1-768x175.jpg 768w\" sizes=\"auto, (max-width: 897px) 100vw, 897px\" \/><\/figure>\n\n\n\n<p><\/p>\n\n\n\n<p>Uma sa\u00edda de pista com tombamento foi registrada na BR-153, nas proximidades da localidade do Vicinal 7, no Km 400, aqui em Mallet.<\/p>\n\n\n\n<p>Brigadistas Comunit\u00e1rios e uma ambul\u00e2ncia foram acionados e se dirigiram ao local para prestar atendimento.<\/p>\n\n\n\n<p>O acidente envolveu um ve\u00edculo FIAT\/Cronos com placas do Mercosul.<\/p>\n\n\n\n<p>Informa\u00e7\u00f5es dos Brigadistas Comunit\u00e1rios de Mallet s\u00e3o que as v\u00edtimas uma feminina e um masculino que estavam indo sentido a Uni\u00e3o da Vit\u00f3ria est\u00e3o bem e inclusive recusou o atendimento de socorro.<\/p>\n\n\n\n<p><\/p>\n\n\n\n<figure class=\"wp-block-image size-full\"><img loading=\"lazy\" decoding=\"async\" width=\"897\" height=\"204\" src=\"https:\/\/radiostudiow.com.br\/site\/wp-content\/uploads\/2025\/03\/image-62.png\" alt=\"\" class=\"wp-image-35859\" srcset=\"https:\/\/radiostudiow.com.br\/site\/wp-content\/uploads\/2025\/03\/image-62.png 897w, https:\/\/radiostudiow.com.br\/site\/wp-content\/uploads\/2025\/03\/image-62-300x68.png 300w, https:\/\/radiostudiow.com.br\/site\/wp-content\/uploads\/2025\/03\/image-62-768x175.png 768w\" sizes=\"auto, (max-width: 897px) 100vw, 897px\" \/><\/figure>\n\n\n\n<figure class=\"wp-block-image size-large\"><img loading=\"lazy\" decoding=\"async\" width=\"1024\" height=\"576\" src=\"https:\/\/radiostudiow.com.br\/site\/wp-content\/uploads\/2025\/04\/13e2b1e6-f887-4715-a420-34d2c366efa1-1-1024x576.png\" alt=\"\" class=\"wp-image-36343\" srcset=\"https:\/\/radiostudiow.com.br\/site\/wp-content\/uploads\/2025\/04\/13e2b1e6-f887-4715-a420-34d2c366efa1-1-1024x576.png 1024w, https:\/\/radiostudiow.com.br\/site\/wp-content\/uploads\/2025\/04\/13e2b1e6-f887-4715-a420-34d2c366efa1-1-300x169.png 300w, https:\/\/radiostudiow.com.br\/site\/wp-content\/uploads\/2025\/04\/13e2b1e6-f887-4715-a420-34d2c366efa1-1-768x432.png 768w, https:\/\/radiostudiow.com.br\/site\/wp-content\/uploads\/2025\/04\/13e2b1e6-f887-4715-a420-34d2c366efa1-1.png 1280w\" sizes=\"auto, (max-width: 1024px) 100vw, 1024px\" \/><\/figure>\n","protected":false},"excerpt":{"rendered":"<p>Uma sa\u00edda de pista com tombamento foi registrada na BR-153, nas proximidades da localidade do Vicinal 7, no Km 400, aqui em Mallet. Brigadistas Comunit\u00e1rios e uma ambul\u00e2ncia foram acionados e se dirigiram ao local para prestar atendimento. O acidente envolveu um ve\u00edculo FIAT\/Cronos com placas do Mercosul. Informa\u00e7\u00f5es dos Brigadistas Comunit\u00e1rios de Mallet s\u00e3o [&hellip;]<\/p>\n","protected":false},"author":2,"featured_media":36342,"comment_status":"open","ping_status":"open","sticky":false,"template":"","format":"standard","meta":{"footnotes":""},"categories":[184],"tags":[172],"class_list":["post-36341","post","type-post","status-publish","format-standard","has-post-thumbnail","hentry","category-local","tag-featured"],"amp_enabled":true,"_links":{"self":[{"href":"https:\/\/radiostudiow.com.br\/site\/wp-json\/wp\/v2\/posts\/36341","targetHints":{"allow":["GET"]}}],"collection":[{"href":"https:\/\/radiostudiow.com.br\/site\/wp-json\/wp\/v2\/posts"}],"about":[{"href":"https:\/\/radiostudiow.com.br\/site\/wp-json\/wp\/v2\/types\/post"}],"author":[{"embeddable":true,"href":"https:\/\/radiostudiow.com.br\/site\/wp-json\/wp\/v2\/users\/2"}],"replies":[{"embeddable":true,"href":"https:\/\/radiostudiow.com.br\/site\/wp-json\/wp\/v2\/comments?post=36341"}],"version-history":[{"count":2,"href":"https:\/\/radiostudiow.com.br\/site\/wp-json\/wp\/v2\/posts\/36341\/revisions"}],"predecessor-version":[{"id":36345,"href":"https:\/\/radiostudiow.com.br\/site\/wp-json\/wp\/v2\/posts\/36341\/revisions\/36345"}],"wp:featuredmedia":[{"embeddable":true,"href":"https:\/\/radiostudiow.com.br\/site\/wp-json\/wp\/v2\/media\/36342"}],"wp:attachment":[{"href":"https:\/\/radiostudiow.com.br\/site\/wp-json\/wp\/v2\/media?parent=36341"}],"wp:term":[{"taxonomy":"category","embeddable":true,"href":"https:\/\/radiostudiow.com.br\/site\/wp-json\/wp\/v2\/categories?post=36341"},{"taxonomy":"post_tag","embeddable":true,"href":"https:\/\/radiostudiow.com.br\/site\/wp-json\/wp\/v2\/tags?post=36341"}],"curies":[{"name":"wp","href":"https:\/\/api.w.org\/{rel}","templated":true}]}}