{"id":36346,"date":"2025-04-02T10:59:15","date_gmt":"2025-04-02T13:59:15","guid":{"rendered":"https:\/\/radiostudiow.com.br\/site\/?p=36346"},"modified":"2025-04-02T10:59:15","modified_gmt":"2025-04-02T13:59:15","slug":"pm-de-general-carneiro-cumpre-mandado-de-prisao-em-aberto-pelos-crimes-de-trafico-de-drogas-e-roubo","status":"publish","type":"post","link":"https:\/\/radiostudiow.com.br\/site\/2025\/04\/02\/pm-de-general-carneiro-cumpre-mandado-de-prisao-em-aberto-pelos-crimes-de-trafico-de-drogas-e-roubo\/","title":{"rendered":"PM  de General Carneiro cumpre mandado de pris\u00e3o em aberto pelos crimes de tr\u00e1fico de drogas e roubo"},"content":{"rendered":"\n<p>A equipe da Pol\u00edcia Militar de General Carneiro tomou conhecimento do mandado de pris\u00e3o em aberto em desfavor de um indiv\u00edduo pelos crimes de tr\u00e1fico de drogas reincidente e roubo na localidade de Planalto por volta das 19h30min dessa ter\u00e7a-feira (01\u00b0).<\/p>\n\n\n\n<figure class=\"wp-block-image size-full\"><img loading=\"lazy\" decoding=\"async\" width=\"598\" height=\"204\" src=\"https:\/\/radiostudiow.com.br\/site\/wp-content\/uploads\/2025\/01\/SITE-MEDIO.png\" alt=\"\" class=\"wp-image-32810\" srcset=\"https:\/\/radiostudiow.com.br\/site\/wp-content\/uploads\/2025\/01\/SITE-MEDIO.png 598w, https:\/\/radiostudiow.com.br\/site\/wp-content\/uploads\/2025\/01\/SITE-MEDIO-300x102.png 300w\" sizes=\"auto, (max-width: 598px) 100vw, 598px\" \/><\/figure>\n\n\n\n<p>Diante das informa\u00e7\u00f5es do seu endere\u00e7o, a equipe realizou patrulhamento no local indicado onde foiposs\u00edvel realizar a abordagem ao denunciado.<\/p>\n\n\n\n<p>Sendo o mesmo cientificado do mandado de pris\u00e3o emseu desfavor e encaminhado ao DEPEN de Uni\u00e3o da Vit\u00f3ria para os procedimentos cab\u00edveis<\/p>\n","protected":false},"excerpt":{"rendered":"<p>A equipe da Pol\u00edcia Militar de General Carneiro tomou conhecimento do mandado de pris\u00e3o em aberto em desfavor de um indiv\u00edduo pelos crimes de tr\u00e1fico de drogas reincidente e roubo na localidade de Planalto por volta das 19h30min dessa ter\u00e7a-feira (01\u00b0). Diante das informa\u00e7\u00f5es do seu endere\u00e7o, a equipe realizou patrulhamento no local indicado onde [&hellip;]<\/p>\n","protected":false},"author":2,"featured_media":32845,"comment_status":"open","ping_status":"open","sticky":false,"template":"","format":"standard","meta":{"footnotes":""},"categories":[2],"tags":[172],"class_list":["post-36346","post","type-post","status-publish","format-standard","has-post-thumbnail","hentry","category-policial","tag-featured"],"amp_enabled":true,"_links":{"self":[{"href":"https:\/\/radiostudiow.com.br\/site\/wp-json\/wp\/v2\/posts\/36346","targetHints":{"allow":["GET"]}}],"collection":[{"href":"https:\/\/radiostudiow.com.br\/site\/wp-json\/wp\/v2\/posts"}],"about":[{"href":"https:\/\/radiostudiow.com.br\/site\/wp-json\/wp\/v2\/types\/post"}],"author":[{"embeddable":true,"href":"https:\/\/radiostudiow.com.br\/site\/wp-json\/wp\/v2\/users\/2"}],"replies":[{"embeddable":true,"href":"https:\/\/radiostudiow.com.br\/site\/wp-json\/wp\/v2\/comments?post=36346"}],"version-history":[{"count":2,"href":"https:\/\/radiostudiow.com.br\/site\/wp-json\/wp\/v2\/posts\/36346\/revisions"}],"predecessor-version":[{"id":36348,"href":"https:\/\/radiostudiow.com.br\/site\/wp-json\/wp\/v2\/posts\/36346\/revisions\/36348"}],"wp:featuredmedia":[{"embeddable":true,"href":"https:\/\/radiostudiow.com.br\/site\/wp-json\/wp\/v2\/media\/32845"}],"wp:attachment":[{"href":"https:\/\/radiostudiow.com.br\/site\/wp-json\/wp\/v2\/media?parent=36346"}],"wp:term":[{"taxonomy":"category","embeddable":true,"href":"https:\/\/radiostudiow.com.br\/site\/wp-json\/wp\/v2\/categories?post=36346"},{"taxonomy":"post_tag","embeddable":true,"href":"https:\/\/radiostudiow.com.br\/site\/wp-json\/wp\/v2\/tags?post=36346"}],"curies":[{"name":"wp","href":"https:\/\/api.w.org\/{rel}","templated":true}]}}