{"id":36355,"date":"2025-04-02T18:09:05","date_gmt":"2025-04-02T21:09:05","guid":{"rendered":"https:\/\/radiostudiow.com.br\/site\/?p=36355"},"modified":"2025-04-02T18:09:05","modified_gmt":"2025-04-02T21:09:05","slug":"casal-e-preso-por-trafico-de-drogas-em-imbituva","status":"publish","type":"post","link":"https:\/\/radiostudiow.com.br\/site\/2025\/04\/02\/casal-e-preso-por-trafico-de-drogas-em-imbituva\/","title":{"rendered":"Casal \u00e9 preso por trafico de drogas em Imbituva"},"content":{"rendered":"\n<p>Uma equipe da Patrulha Rural realizava patrulhamento na regi\u00e3o central quando avistou um indiv\u00edduo  em atitude suspeita saindo de uma resid\u00eancia e se dirigindo a um ve\u00edculo GM\/Vectra por volta das 16h24min desse domingo (30).<\/p>\n\n\n\n<p>Ao perceber a presen\u00e7a da viatura, ele demonstrou nervosismo, abaixando a cabe\u00e7a e acelerando o passo. Diante da suspeita, os policiais realizaram a abordagem.<\/p>\n\n\n\n<figure class=\"wp-block-image size-full\"><img loading=\"lazy\" decoding=\"async\" width=\"598\" height=\"204\" src=\"https:\/\/radiostudiow.com.br\/site\/wp-content\/uploads\/2025\/01\/SITE-MEDIO7.png\" alt=\"\" class=\"wp-image-32801\" srcset=\"https:\/\/radiostudiow.com.br\/site\/wp-content\/uploads\/2025\/01\/SITE-MEDIO7.png 598w, https:\/\/radiostudiow.com.br\/site\/wp-content\/uploads\/2025\/01\/SITE-MEDIO7-300x102.png 300w\" sizes=\"auto, (max-width: 598px) 100vw, 598px\" \/><\/figure>\n\n\n\n<p>Nada de il\u00edcito foi encontrado com o homem, por\u00e9m, em sua posse estava a chave do Vectra. Durante a vistoria no ve\u00edculo, j\u00e1 conhecido pelas equipes como utilizado no tr\u00e1fico de drogas, os policiais localizaram uma sacola pl\u00e1stica contendo 37 buchas de maconha embaladas em pl\u00e1stico verde, al\u00e9m de R$ 544,00 em dinheiro e uma m\u00e1quina de cart\u00e3o.<\/p>\n\n\n\n<p>O abordado afirmou que o ve\u00edculo pertencia \u00e0 sua esposa. Em dilig\u00eancia \u00e0 resid\u00eancia de onde ele havia sa\u00eddo, os policiais encontraram sobre a geladeira mais 57 buchas de maconha embaladas da mesma forma, duas por\u00e7\u00f5es de coca\u00edna e duas balan\u00e7as de precis\u00e3o.<\/p>\n\n\n\n<figure class=\"wp-block-image size-full\"><img loading=\"lazy\" decoding=\"async\" width=\"900\" height=\"408\" src=\"https:\/\/radiostudiow.com.br\/site\/wp-content\/uploads\/2025\/03\/SITE-E-TV-1.png\" alt=\"\" class=\"wp-image-35744\" srcset=\"https:\/\/radiostudiow.com.br\/site\/wp-content\/uploads\/2025\/03\/SITE-E-TV-1.png 900w, https:\/\/radiostudiow.com.br\/site\/wp-content\/uploads\/2025\/03\/SITE-E-TV-1-300x136.png 300w, https:\/\/radiostudiow.com.br\/site\/wp-content\/uploads\/2025\/03\/SITE-E-TV-1-768x348.png 768w\" sizes=\"auto, (max-width: 900px) 100vw, 900px\" \/><\/figure>\n\n\n\n<p>Durante buscas no terreno nos fundos da casa, os agentes localizaram uma mulher escondida entre bananeiras. Pr\u00f3ximo a ela, foram apreendidas mais 32 buchas de maconha com as mesmas caracter\u00edsticas das demais, al\u00e9m de um aparelho celular.<\/p>\n\n\n\n<p>Diante dos fatos, o casal foi preso e encaminhado, juntamente com o ve\u00edculo, as drogas, o dinheiro, as balan\u00e7as de precis\u00e3o e a m\u00e1quina de cart\u00e3o, at\u00e9 a sede do 3\u00ba Pelot\u00e3o para a confec\u00e7\u00e3o da documenta\u00e7\u00e3o pertinente. Posteriormente, foram levados ao pronto atendimento municipal para exame de corpo de delito e, em seguida, apresentados \u00e0 Delegacia de Pol\u00edcia Civil de Irati para as provid\u00eancias cab\u00edveis.<\/p>\n","protected":false},"excerpt":{"rendered":"<p>Uma equipe da Patrulha Rural realizava patrulhamento na regi\u00e3o central quando avistou um indiv\u00edduo em atitude suspeita saindo de uma resid\u00eancia e se dirigindo a um ve\u00edculo GM\/Vectra por volta das 16h24min desse domingo (30). Ao perceber a presen\u00e7a da viatura, ele demonstrou nervosismo, abaixando a cabe\u00e7a e acelerando o passo. Diante da suspeita, os [&hellip;]<\/p>\n","protected":false},"author":2,"featured_media":36356,"comment_status":"open","ping_status":"open","sticky":false,"template":"","format":"standard","meta":{"footnotes":""},"categories":[2],"tags":[172],"class_list":["post-36355","post","type-post","status-publish","format-standard","has-post-thumbnail","hentry","category-policial","tag-featured"],"amp_enabled":true,"_links":{"self":[{"href":"https:\/\/radiostudiow.com.br\/site\/wp-json\/wp\/v2\/posts\/36355","targetHints":{"allow":["GET"]}}],"collection":[{"href":"https:\/\/radiostudiow.com.br\/site\/wp-json\/wp\/v2\/posts"}],"about":[{"href":"https:\/\/radiostudiow.com.br\/site\/wp-json\/wp\/v2\/types\/post"}],"author":[{"embeddable":true,"href":"https:\/\/radiostudiow.com.br\/site\/wp-json\/wp\/v2\/users\/2"}],"replies":[{"embeddable":true,"href":"https:\/\/radiostudiow.com.br\/site\/wp-json\/wp\/v2\/comments?post=36355"}],"version-history":[{"count":2,"href":"https:\/\/radiostudiow.com.br\/site\/wp-json\/wp\/v2\/posts\/36355\/revisions"}],"predecessor-version":[{"id":36369,"href":"https:\/\/radiostudiow.com.br\/site\/wp-json\/wp\/v2\/posts\/36355\/revisions\/36369"}],"wp:featuredmedia":[{"embeddable":true,"href":"https:\/\/radiostudiow.com.br\/site\/wp-json\/wp\/v2\/media\/36356"}],"wp:attachment":[{"href":"https:\/\/radiostudiow.com.br\/site\/wp-json\/wp\/v2\/media?parent=36355"}],"wp:term":[{"taxonomy":"category","embeddable":true,"href":"https:\/\/radiostudiow.com.br\/site\/wp-json\/wp\/v2\/categories?post=36355"},{"taxonomy":"post_tag","embeddable":true,"href":"https:\/\/radiostudiow.com.br\/site\/wp-json\/wp\/v2\/tags?post=36355"}],"curies":[{"name":"wp","href":"https:\/\/api.w.org\/{rel}","templated":true}]}}