{"id":36361,"date":"2025-04-02T18:15:32","date_gmt":"2025-04-02T21:15:32","guid":{"rendered":"https:\/\/radiostudiow.com.br\/site\/?p=36361"},"modified":"2025-04-02T18:15:32","modified_gmt":"2025-04-02T21:15:32","slug":"homem-e-preso-por-suspeita-de-esfaquear-companheira-em-imbituva","status":"publish","type":"post","link":"https:\/\/radiostudiow.com.br\/site\/2025\/04\/02\/homem-e-preso-por-suspeita-de-esfaquear-companheira-em-imbituva\/","title":{"rendered":"Homem \u00e9 preso por suspeita de esfaquear companheira em Imbituva"},"content":{"rendered":"\n<p>A equipe da Pol\u00edcia Militar de Imbituva foi acionada para atender uma ocorr\u00eancia no Posto Chic\u00e3o, na entrada da cidade, onde uma mulher havia sido ferida por arma branca por volta da 01 hora da madrugada desta ter\u00e7a-feira (01).<\/p>\n\n\n\n<p>No local, os policiais identificaram a v\u00edtima com uma perfura\u00e7\u00e3o nas costas. Em vis\u00edvel estado de embriaguez, ela relatou que seu companheiro a golpeou com uma faca durante uma discuss\u00e3o e, em seguida, deixou o local.<\/p>\n\n\n\n<figure class=\"wp-block-image size-full\"><img loading=\"lazy\" decoding=\"async\" width=\"897\" height=\"204\" src=\"https:\/\/radiostudiow.com.br\/site\/wp-content\/uploads\/2025\/01\/SITE-GRANDE.png\" alt=\"\" class=\"wp-image-32809\" srcset=\"https:\/\/radiostudiow.com.br\/site\/wp-content\/uploads\/2025\/01\/SITE-GRANDE.png 897w, https:\/\/radiostudiow.com.br\/site\/wp-content\/uploads\/2025\/01\/SITE-GRANDE-300x68.png 300w, https:\/\/radiostudiow.com.br\/site\/wp-content\/uploads\/2025\/01\/SITE-GRANDE-768x175.png 768w\" sizes=\"auto, (max-width: 897px) 100vw, 897px\" \/><\/figure>\n\n\n\n<p>Enquanto a equipe do SAMU tentava prestar os primeiros socorros, a v\u00edtima recusou atendimento. Nesse momento, o suspeito retornou ao posto e, durante a abordagem, foi encontrada uma faca de cozinha em sua cintura. Ele apresentava sinais de embriaguez, como odor et\u00edlico, fala desconexa e comportamento agressivo. Diante disso, recebeu voz de pris\u00e3o.<\/p>\n\n\n\n<p>Ap\u00f3s perceber que seu companheiro seria detido, a v\u00edtima mudou sua vers\u00e3o dos fatos, alegando que havia ca\u00eddo de uma \u00e1rvore de laranja e se ferido. Os socorristas conseguiram convenc\u00ea-la a ir at\u00e9 o Hospital Municipal de Imbituva, onde, mais uma vez, recusou atendimento m\u00e9dico e deixou o local sem informar seu destino.<\/p>\n\n\n\n<p>Foram realizadas buscas pela mulher, mas ela n\u00e3o foi localizada. O autor foi encaminhado \u00e0 Delegacia de Pol\u00edcia Civil de Irati para as devidas provid\u00eancias.<\/p>\n\n\n\n<figure class=\"wp-block-image size-full\"><img loading=\"lazy\" decoding=\"async\" width=\"900\" height=\"408\" src=\"https:\/\/radiostudiow.com.br\/site\/wp-content\/uploads\/2025\/03\/SITE-E-TV-1.png\" alt=\"\" class=\"wp-image-35744\" srcset=\"https:\/\/radiostudiow.com.br\/site\/wp-content\/uploads\/2025\/03\/SITE-E-TV-1.png 900w, https:\/\/radiostudiow.com.br\/site\/wp-content\/uploads\/2025\/03\/SITE-E-TV-1-300x136.png 300w, https:\/\/radiostudiow.com.br\/site\/wp-content\/uploads\/2025\/03\/SITE-E-TV-1-768x348.png 768w\" sizes=\"auto, (max-width: 900px) 100vw, 900px\" \/><\/figure>\n","protected":false},"excerpt":{"rendered":"<p>A equipe da Pol\u00edcia Militar de Imbituva foi acionada para atender uma ocorr\u00eancia no Posto Chic\u00e3o, na entrada da cidade, onde uma mulher havia sido ferida por arma branca por volta da 01 hora da madrugada desta ter\u00e7a-feira (01). No local, os policiais identificaram a v\u00edtima com uma perfura\u00e7\u00e3o nas costas. Em vis\u00edvel estado de [&hellip;]<\/p>\n","protected":false},"author":2,"featured_media":29740,"comment_status":"open","ping_status":"open","sticky":false,"template":"","format":"standard","meta":{"footnotes":""},"categories":[2],"tags":[172],"class_list":["post-36361","post","type-post","status-publish","format-standard","has-post-thumbnail","hentry","category-policial","tag-featured"],"amp_enabled":true,"_links":{"self":[{"href":"https:\/\/radiostudiow.com.br\/site\/wp-json\/wp\/v2\/posts\/36361","targetHints":{"allow":["GET"]}}],"collection":[{"href":"https:\/\/radiostudiow.com.br\/site\/wp-json\/wp\/v2\/posts"}],"about":[{"href":"https:\/\/radiostudiow.com.br\/site\/wp-json\/wp\/v2\/types\/post"}],"author":[{"embeddable":true,"href":"https:\/\/radiostudiow.com.br\/site\/wp-json\/wp\/v2\/users\/2"}],"replies":[{"embeddable":true,"href":"https:\/\/radiostudiow.com.br\/site\/wp-json\/wp\/v2\/comments?post=36361"}],"version-history":[{"count":2,"href":"https:\/\/radiostudiow.com.br\/site\/wp-json\/wp\/v2\/posts\/36361\/revisions"}],"predecessor-version":[{"id":36371,"href":"https:\/\/radiostudiow.com.br\/site\/wp-json\/wp\/v2\/posts\/36361\/revisions\/36371"}],"wp:featuredmedia":[{"embeddable":true,"href":"https:\/\/radiostudiow.com.br\/site\/wp-json\/wp\/v2\/media\/29740"}],"wp:attachment":[{"href":"https:\/\/radiostudiow.com.br\/site\/wp-json\/wp\/v2\/media?parent=36361"}],"wp:term":[{"taxonomy":"category","embeddable":true,"href":"https:\/\/radiostudiow.com.br\/site\/wp-json\/wp\/v2\/categories?post=36361"},{"taxonomy":"post_tag","embeddable":true,"href":"https:\/\/radiostudiow.com.br\/site\/wp-json\/wp\/v2\/tags?post=36361"}],"curies":[{"name":"wp","href":"https:\/\/api.w.org\/{rel}","templated":true}]}}