{"id":36363,"date":"2025-04-02T17:57:35","date_gmt":"2025-04-02T20:57:35","guid":{"rendered":"https:\/\/radiostudiow.com.br\/site\/?p=36363"},"modified":"2025-04-02T17:57:36","modified_gmt":"2025-04-02T20:57:36","slug":"motociclista-morre-em-acidente-em-estrada-rural-de-antonio-olinto","status":"publish","type":"post","link":"https:\/\/radiostudiow.com.br\/site\/2025\/04\/02\/motociclista-morre-em-acidente-em-estrada-rural-de-antonio-olinto\/","title":{"rendered":"Motociclista morre em acidente em estrada rural de Ant\u00f4nio Olinto"},"content":{"rendered":"\n<figure class=\"wp-block-image size-full\"><img loading=\"lazy\" decoding=\"async\" width=\"897\" height=\"204\" src=\"https:\/\/radiostudiow.com.br\/site\/wp-content\/uploads\/2025\/01\/SITE-GRANDE2.png\" alt=\"\" class=\"wp-image-32805\" srcset=\"https:\/\/radiostudiow.com.br\/site\/wp-content\/uploads\/2025\/01\/SITE-GRANDE2.png 897w, https:\/\/radiostudiow.com.br\/site\/wp-content\/uploads\/2025\/01\/SITE-GRANDE2-300x68.png 300w, https:\/\/radiostudiow.com.br\/site\/wp-content\/uploads\/2025\/01\/SITE-GRANDE2-768x175.png 768w\" sizes=\"auto, (max-width: 897px) 100vw, 897px\" \/><\/figure>\n\n\n\n<p><\/p>\n\n\n\n<p>Na tarde desta quarta-feira (2), um grave acidente foi registrado em uma estrada rural no interior do munic\u00edpio de Ant\u00f4nio Olinto. Equipes da Pol\u00edcia Militar e da ambul\u00e2ncia da sa\u00fade foram acionadas para atender a ocorr\u00eancia.<\/p>\n\n\n\n<p>O acidente ocorreu na Linha Gon\u00e7alves, pr\u00f3ximo \u00e0 Vila S\u00e3o Jos\u00e9. No local, foi constatado que o motociclista, identificado como Daniel Karpovicz 34 anos, j\u00e1 estava em \u00f3bito.<\/p>\n\n\n\n<div class=\"wp-block-media-text is-stacked-on-mobile\"><figure class=\"wp-block-media-text__media\"><img loading=\"lazy\" decoding=\"async\" width=\"540\" height=\"494\" src=\"https:\/\/radiostudiow.com.br\/site\/wp-content\/uploads\/2025\/04\/487507859_1058814576283540_4086567528198241388_n.jpg\" alt=\"\" class=\"wp-image-36364 size-full\" srcset=\"https:\/\/radiostudiow.com.br\/site\/wp-content\/uploads\/2025\/04\/487507859_1058814576283540_4086567528198241388_n.jpg 540w, https:\/\/radiostudiow.com.br\/site\/wp-content\/uploads\/2025\/04\/487507859_1058814576283540_4086567528198241388_n-300x274.jpg 300w\" sizes=\"auto, (max-width: 540px) 100vw, 540px\" \/><\/figure><div class=\"wp-block-media-text__content\">\n<p>Motociclista identificado como Daniel Karpovicz, 34 anos.<\/p>\n<\/div><\/div>\n\n\n\n<p>Segundo informa\u00e7\u00f5es preliminares, a v\u00edtima teria perdido o controle da motocicleta, ca\u00eddo e batido a cabe\u00e7a no ch\u00e3o, o que resultou na fatalidade.<\/p>\n\n\n\n<p>A Pol\u00edcia Civil, o Instituto de Criminal\u00edstica e o Instituto M\u00e9dico Legal (IML) de Uni\u00e3o da Vit\u00f3ria foram acionados para realizar a per\u00edcia e recolher o corpo.<\/p>\n\n\n\n<p>O caso segue sob investiga\u00e7\u00e3o para apurar as circunst\u00e2ncias do acidente.<\/p>\n\n\n\n<p><strong><em>Fonte: Portal Clic Sul News<\/em><\/strong><\/p>\n\n\n\n<p><\/p>\n\n\n\n<figure class=\"wp-block-image size-full\"><img loading=\"lazy\" decoding=\"async\" width=\"900\" height=\"408\" src=\"https:\/\/radiostudiow.com.br\/site\/wp-content\/uploads\/2025\/03\/SITE-E-TV-1.png\" alt=\"\" class=\"wp-image-35744\" srcset=\"https:\/\/radiostudiow.com.br\/site\/wp-content\/uploads\/2025\/03\/SITE-E-TV-1.png 900w, https:\/\/radiostudiow.com.br\/site\/wp-content\/uploads\/2025\/03\/SITE-E-TV-1-300x136.png 300w, https:\/\/radiostudiow.com.br\/site\/wp-content\/uploads\/2025\/03\/SITE-E-TV-1-768x348.png 768w\" sizes=\"auto, (max-width: 900px) 100vw, 900px\" \/><\/figure>\n\n\n\n<p><\/p>\n\n\n\n<figure class=\"wp-block-image size-full\"><img loading=\"lazy\" decoding=\"async\" width=\"878\" height=\"764\" src=\"https:\/\/radiostudiow.com.br\/site\/wp-content\/uploads\/2025\/04\/487945297_18055176512177800_6991964350158601997_n.jpg\" alt=\"\" class=\"wp-image-36365\" srcset=\"https:\/\/radiostudiow.com.br\/site\/wp-content\/uploads\/2025\/04\/487945297_18055176512177800_6991964350158601997_n.jpg 878w, https:\/\/radiostudiow.com.br\/site\/wp-content\/uploads\/2025\/04\/487945297_18055176512177800_6991964350158601997_n-300x261.jpg 300w, https:\/\/radiostudiow.com.br\/site\/wp-content\/uploads\/2025\/04\/487945297_18055176512177800_6991964350158601997_n-768x668.jpg 768w\" sizes=\"auto, (max-width: 878px) 100vw, 878px\" \/><\/figure>\n","protected":false},"excerpt":{"rendered":"<p>Na tarde desta quarta-feira (2), um grave acidente foi registrado em uma estrada rural no interior do munic\u00edpio de Ant\u00f4nio Olinto. Equipes da Pol\u00edcia Militar e da ambul\u00e2ncia da sa\u00fade foram acionadas para atender a ocorr\u00eancia. O acidente ocorreu na Linha Gon\u00e7alves, pr\u00f3ximo \u00e0 Vila S\u00e3o Jos\u00e9. No local, foi constatado que o motociclista, identificado [&hellip;]<\/p>\n","protected":false},"author":2,"featured_media":36366,"comment_status":"open","ping_status":"open","sticky":false,"template":"","format":"standard","meta":{"footnotes":""},"categories":[185],"tags":[172],"class_list":["post-36363","post","type-post","status-publish","format-standard","has-post-thumbnail","hentry","category-regional","tag-featured"],"amp_enabled":true,"_links":{"self":[{"href":"https:\/\/radiostudiow.com.br\/site\/wp-json\/wp\/v2\/posts\/36363","targetHints":{"allow":["GET"]}}],"collection":[{"href":"https:\/\/radiostudiow.com.br\/site\/wp-json\/wp\/v2\/posts"}],"about":[{"href":"https:\/\/radiostudiow.com.br\/site\/wp-json\/wp\/v2\/types\/post"}],"author":[{"embeddable":true,"href":"https:\/\/radiostudiow.com.br\/site\/wp-json\/wp\/v2\/users\/2"}],"replies":[{"embeddable":true,"href":"https:\/\/radiostudiow.com.br\/site\/wp-json\/wp\/v2\/comments?post=36363"}],"version-history":[{"count":1,"href":"https:\/\/radiostudiow.com.br\/site\/wp-json\/wp\/v2\/posts\/36363\/revisions"}],"predecessor-version":[{"id":36367,"href":"https:\/\/radiostudiow.com.br\/site\/wp-json\/wp\/v2\/posts\/36363\/revisions\/36367"}],"wp:featuredmedia":[{"embeddable":true,"href":"https:\/\/radiostudiow.com.br\/site\/wp-json\/wp\/v2\/media\/36366"}],"wp:attachment":[{"href":"https:\/\/radiostudiow.com.br\/site\/wp-json\/wp\/v2\/media?parent=36363"}],"wp:term":[{"taxonomy":"category","embeddable":true,"href":"https:\/\/radiostudiow.com.br\/site\/wp-json\/wp\/v2\/categories?post=36363"},{"taxonomy":"post_tag","embeddable":true,"href":"https:\/\/radiostudiow.com.br\/site\/wp-json\/wp\/v2\/tags?post=36363"}],"curies":[{"name":"wp","href":"https:\/\/api.w.org\/{rel}","templated":true}]}}