{"id":36377,"date":"2025-04-03T09:44:04","date_gmt":"2025-04-03T12:44:04","guid":{"rendered":"https:\/\/radiostudiow.com.br\/site\/?p=36377"},"modified":"2025-04-03T09:56:56","modified_gmt":"2025-04-03T12:56:56","slug":"ii-feira-do-aluno-empreendedor-criatividade-e-sustentabilidade-no-colegio-estadual-professor-dario-veloso","status":"publish","type":"post","link":"https:\/\/radiostudiow.com.br\/site\/2025\/04\/03\/ii-feira-do-aluno-empreendedor-criatividade-e-sustentabilidade-no-colegio-estadual-professor-dario-veloso\/","title":{"rendered":"II Feira do Aluno Empreendedor: Criatividade e Sustentabilidade no Col\u00e9gio Estadual Professor Dario Veloso"},"content":{"rendered":"\n<p><\/p>\n\n\n\n<p>Ap\u00f3s o sucesso da primeira edi\u00e7\u00e3o, o <strong>Col\u00e9gio Estadual Professor Dario Veloso<\/strong> se prepara para a <strong>II Feira do Aluno Empreendedor<\/strong>, um evento que destaca o talento e a criatividade dos estudantes do <strong>Curso T\u00e9cnico de Administra\u00e7\u00e3o<\/strong>.<\/p>\n\n\n\n<p>A feira, organizada pela professora <strong>Neuza Maria Ivaniski<\/strong>, coordenadora do curso, e com a colabora\u00e7\u00e3o do professor <strong>Daniel Kmita<\/strong>, re\u00fane os alunos das turmas <strong>1\u00aa A, 2\u00aa A e 3\u00aa A<\/strong> para apresentar projetos inovadores e sustent\u00e1veis.<\/p>\n\n\n\n<p><\/p>\n\n\n\n<figure class=\"wp-block-image size-full\"><img loading=\"lazy\" decoding=\"async\" width=\"897\" height=\"204\" src=\"https:\/\/radiostudiow.com.br\/site\/wp-content\/uploads\/2025\/03\/image-62.png\" alt=\"\" class=\"wp-image-35859\" srcset=\"https:\/\/radiostudiow.com.br\/site\/wp-content\/uploads\/2025\/03\/image-62.png 897w, https:\/\/radiostudiow.com.br\/site\/wp-content\/uploads\/2025\/03\/image-62-300x68.png 300w, https:\/\/radiostudiow.com.br\/site\/wp-content\/uploads\/2025\/03\/image-62-768x175.png 768w\" sizes=\"auto, (max-width: 897px) 100vw, 897px\" \/><\/figure>\n\n\n\n<p><\/p>\n\n\n\n<p>Com o objetivo de estimular o pensamento empreendedor, a feira desafia os estudantes a desenvolverem solu\u00e7\u00f5es criativas para problemas reais.<\/p>\n\n\n\n<p>Este ano, a sustentabilidade ganha ainda mais destaque, incentivando os alunos a transformarem materiais descartados em produtos inovadores, provando que \u00e9 poss\u00edvel empreender sem prejudicar o meio ambiente.<\/p>\n\n\n\n<p>A <strong>II Feira do Aluno Empreendedor<\/strong> \u00e9 uma excelente oportunidade para pais, alunos e toda a comunidade escolar conhecerem de perto o potencial e o comprometimento desses jovens.<\/p>\n\n\n\n<p><strong>O evento acontece nesta sexta-feira, 04 de abril, a partir das 09:00 horas, no Col\u00e9gio Estadual Professor Dario Veloso.<\/strong><\/p>\n\n\n\n<blockquote class=\"wp-block-quote is-layout-flow wp-block-quote-is-layout-flow\">\n<p>N\u00e3o perca nesta sexta-feira as 20:00 horas no seu W Not\u00edcias uma Reportagem Especial mostrando todos esses trabalhos para voc\u00ea ter a chance de prestigiar esse grande evento e se inspirar com as ideias inovadoras dos alunos!<\/p>\n<\/blockquote>\n\n\n\n<p><\/p>\n\n\n\n<figure class=\"wp-block-image size-large\"><img decoding=\"async\" src=\"https:\/\/radiostudiow.com.br\/site\/wp-content\/uploads\/2025\/04\/05621f70-a200-4d46-aaf2-bc58465aaefe-724x1024.jpg\" alt=\"\" class=\"wp-image-36378\"\/><\/figure>\n\n\n\n<p><\/p>\n\n\n\n<figure class=\"wp-block-image size-full\"><img loading=\"lazy\" decoding=\"async\" width=\"897\" height=\"204\" src=\"https:\/\/radiostudiow.com.br\/site\/wp-content\/uploads\/2025\/01\/SITE-GRANDE3.png\" alt=\"\" class=\"wp-image-32900\" srcset=\"https:\/\/radiostudiow.com.br\/site\/wp-content\/uploads\/2025\/01\/SITE-GRANDE3.png 897w, https:\/\/radiostudiow.com.br\/site\/wp-content\/uploads\/2025\/01\/SITE-GRANDE3-300x68.png 300w, https:\/\/radiostudiow.com.br\/site\/wp-content\/uploads\/2025\/01\/SITE-GRANDE3-768x175.png 768w\" sizes=\"auto, (max-width: 897px) 100vw, 897px\" \/><\/figure>\n","protected":false},"excerpt":{"rendered":"<p>Ap\u00f3s o sucesso da primeira edi\u00e7\u00e3o, o Col\u00e9gio Estadual Professor Dario Veloso se prepara para a II Feira do Aluno Empreendedor, um evento que destaca o talento e a criatividade dos estudantes do Curso T\u00e9cnico de Administra\u00e7\u00e3o. A feira, organizada pela professora Neuza Maria Ivaniski, coordenadora do curso, e com a colabora\u00e7\u00e3o do professor Daniel [&hellip;]<\/p>\n","protected":false},"author":2,"featured_media":36379,"comment_status":"open","ping_status":"open","sticky":false,"template":"","format":"standard","meta":{"footnotes":""},"categories":[184],"tags":[172],"class_list":["post-36377","post","type-post","status-publish","format-standard","has-post-thumbnail","hentry","category-local","tag-featured"],"amp_enabled":true,"_links":{"self":[{"href":"https:\/\/radiostudiow.com.br\/site\/wp-json\/wp\/v2\/posts\/36377","targetHints":{"allow":["GET"]}}],"collection":[{"href":"https:\/\/radiostudiow.com.br\/site\/wp-json\/wp\/v2\/posts"}],"about":[{"href":"https:\/\/radiostudiow.com.br\/site\/wp-json\/wp\/v2\/types\/post"}],"author":[{"embeddable":true,"href":"https:\/\/radiostudiow.com.br\/site\/wp-json\/wp\/v2\/users\/2"}],"replies":[{"embeddable":true,"href":"https:\/\/radiostudiow.com.br\/site\/wp-json\/wp\/v2\/comments?post=36377"}],"version-history":[{"count":2,"href":"https:\/\/radiostudiow.com.br\/site\/wp-json\/wp\/v2\/posts\/36377\/revisions"}],"predecessor-version":[{"id":36382,"href":"https:\/\/radiostudiow.com.br\/site\/wp-json\/wp\/v2\/posts\/36377\/revisions\/36382"}],"wp:featuredmedia":[{"embeddable":true,"href":"https:\/\/radiostudiow.com.br\/site\/wp-json\/wp\/v2\/media\/36379"}],"wp:attachment":[{"href":"https:\/\/radiostudiow.com.br\/site\/wp-json\/wp\/v2\/media?parent=36377"}],"wp:term":[{"taxonomy":"category","embeddable":true,"href":"https:\/\/radiostudiow.com.br\/site\/wp-json\/wp\/v2\/categories?post=36377"},{"taxonomy":"post_tag","embeddable":true,"href":"https:\/\/radiostudiow.com.br\/site\/wp-json\/wp\/v2\/tags?post=36377"}],"curies":[{"name":"wp","href":"https:\/\/api.w.org\/{rel}","templated":true}]}}