{"id":36386,"date":"2025-04-03T10:22:20","date_gmt":"2025-04-03T13:22:20","guid":{"rendered":"https:\/\/radiostudiow.com.br\/site\/?p=36386"},"modified":"2025-04-03T10:22:20","modified_gmt":"2025-04-03T13:22:20","slug":"morre-mais-uma-vitima-do-acidente-na-br-476","status":"publish","type":"post","link":"https:\/\/radiostudiow.com.br\/site\/2025\/04\/03\/morre-mais-uma-vitima-do-acidente-na-br-476\/","title":{"rendered":"Morre mais uma v\u00edtima do acidente na BR-476"},"content":{"rendered":"\n<p>Foi confirmado a morte a quinta v\u00edtima do graviss\u00edmo acidente registrado na manh\u00e3 dessa quarta-feira, 02 de abril, envolvendo tr\u00eas caminh\u00f5es na BR-476, no trecho do Km 335, localidade de Vargem Grande, em Paula Freitas.<\/p>\n\n\n\n<p>Segundo apura\u00e7\u00e3o do Portal VVale, um desn\u00edvel na pista pode ter contribu\u00eddo para o grave acidente. Quatro pessoas morreram na hora devido a colis\u00e3o, e outras tr\u00eas foram encaminhadas em estado grave para o hospital.<\/p>\n\n\n\n<figure class=\"wp-block-image size-full\"><img loading=\"lazy\" decoding=\"async\" width=\"897\" height=\"204\" src=\"https:\/\/radiostudiow.com.br\/site\/wp-content\/uploads\/2025\/03\/image-62.png\" alt=\"\" class=\"wp-image-35859\" srcset=\"https:\/\/radiostudiow.com.br\/site\/wp-content\/uploads\/2025\/03\/image-62.png 897w, https:\/\/radiostudiow.com.br\/site\/wp-content\/uploads\/2025\/03\/image-62-300x68.png 300w, https:\/\/radiostudiow.com.br\/site\/wp-content\/uploads\/2025\/03\/image-62-768x175.png 768w\" sizes=\"auto, (max-width: 897px) 100vw, 897px\" \/><\/figure>\n\n\n\n<p>As tr\u00eas v\u00edtimas em estado grave j\u00e1 estavam fora dos ve\u00edculos no momento da chegada das equipes de resgate, sendo atendidas inicialmente por um socorrista do SAMU que passava pelo local. Foram encaminhadas para diferentes unidades hospitalares.<\/p>\n\n\n\n<p>Infelizmente devido a gravidade dos ferimentos mais um trabalhador da empresa Fattel que estava hospitalizado faleceu. Segundo informa\u00e7\u00f5es, um continua em estado grave e outro apresentou melhora em seu quadro de sa\u00fade.<\/p>\n\n\n\n<figure class=\"wp-block-image size-full\"><img loading=\"lazy\" decoding=\"async\" width=\"598\" height=\"204\" src=\"https:\/\/radiostudiow.com.br\/site\/wp-content\/uploads\/2025\/01\/SITE-MEDIO7.png\" alt=\"\" class=\"wp-image-32801\" srcset=\"https:\/\/radiostudiow.com.br\/site\/wp-content\/uploads\/2025\/01\/SITE-MEDIO7.png 598w, https:\/\/radiostudiow.com.br\/site\/wp-content\/uploads\/2025\/01\/SITE-MEDIO7-300x102.png 300w\" sizes=\"auto, (max-width: 598px) 100vw, 598px\" \/><\/figure>\n\n\n\n<p><em>A empresa divulgou uma nota de profundo pesar com o nome dos trabalhadores que morreram na tr\u00e1gedia.<\/em><\/p>\n\n\n\n<figure class=\"wp-block-image size-full\"><img decoding=\"async\" src=\"https:\/\/radiostudiow.com.br\/site\/wp-content\/uploads\/2025\/04\/03-6.png\" alt=\"\" class=\"wp-image-36388\"\/><\/figure>\n","protected":false},"excerpt":{"rendered":"<p>Foi confirmado a morte a quinta v\u00edtima do graviss\u00edmo acidente registrado na manh\u00e3 dessa quarta-feira, 02 de abril, envolvendo tr\u00eas caminh\u00f5es na BR-476, no trecho do Km 335, localidade de Vargem Grande, em Paula Freitas. Segundo apura\u00e7\u00e3o do Portal VVale, um desn\u00edvel na pista pode ter contribu\u00eddo para o grave acidente. Quatro pessoas morreram na [&hellip;]<\/p>\n","protected":false},"author":2,"featured_media":36387,"comment_status":"open","ping_status":"open","sticky":false,"template":"","format":"standard","meta":{"footnotes":""},"categories":[185],"tags":[172],"class_list":["post-36386","post","type-post","status-publish","format-standard","has-post-thumbnail","hentry","category-regional","tag-featured"],"amp_enabled":true,"_links":{"self":[{"href":"https:\/\/radiostudiow.com.br\/site\/wp-json\/wp\/v2\/posts\/36386","targetHints":{"allow":["GET"]}}],"collection":[{"href":"https:\/\/radiostudiow.com.br\/site\/wp-json\/wp\/v2\/posts"}],"about":[{"href":"https:\/\/radiostudiow.com.br\/site\/wp-json\/wp\/v2\/types\/post"}],"author":[{"embeddable":true,"href":"https:\/\/radiostudiow.com.br\/site\/wp-json\/wp\/v2\/users\/2"}],"replies":[{"embeddable":true,"href":"https:\/\/radiostudiow.com.br\/site\/wp-json\/wp\/v2\/comments?post=36386"}],"version-history":[{"count":1,"href":"https:\/\/radiostudiow.com.br\/site\/wp-json\/wp\/v2\/posts\/36386\/revisions"}],"predecessor-version":[{"id":36389,"href":"https:\/\/radiostudiow.com.br\/site\/wp-json\/wp\/v2\/posts\/36386\/revisions\/36389"}],"wp:featuredmedia":[{"embeddable":true,"href":"https:\/\/radiostudiow.com.br\/site\/wp-json\/wp\/v2\/media\/36387"}],"wp:attachment":[{"href":"https:\/\/radiostudiow.com.br\/site\/wp-json\/wp\/v2\/media?parent=36386"}],"wp:term":[{"taxonomy":"category","embeddable":true,"href":"https:\/\/radiostudiow.com.br\/site\/wp-json\/wp\/v2\/categories?post=36386"},{"taxonomy":"post_tag","embeddable":true,"href":"https:\/\/radiostudiow.com.br\/site\/wp-json\/wp\/v2\/tags?post=36386"}],"curies":[{"name":"wp","href":"https:\/\/api.w.org\/{rel}","templated":true}]}}