{"id":36397,"date":"2025-04-03T15:51:23","date_gmt":"2025-04-03T18:51:23","guid":{"rendered":"https:\/\/radiostudiow.com.br\/site\/?p=36397"},"modified":"2025-04-03T16:16:02","modified_gmt":"2025-04-03T19:16:02","slug":"acao-conjunta-entre-policia-militar-e-receita-federal-apreende-mercadorias-e-veiculo-em-sao-mateus-do-sul","status":"publish","type":"post","link":"https:\/\/radiostudiow.com.br\/site\/2025\/04\/03\/acao-conjunta-entre-policia-militar-e-receita-federal-apreende-mercadorias-e-veiculo-em-sao-mateus-do-sul\/","title":{"rendered":"A\u00e7\u00e3o conjunta entre Pol\u00edcia Militar e Receita Federal apreende mercadorias e ve\u00edculo em S\u00e3o Mateus do Sul"},"content":{"rendered":"\n<p><\/p>\n\n\n\n<p>Uma opera\u00e7\u00e3o conjunta realizada pela Pol\u00edcia Militar e pela Receita Federal resultou na apreens\u00e3o de um ve\u00edculo e diversas mercadorias de origem irregular na cidade de S\u00e3o Mateus do Sul, nesta quarta-feira (03). A abordagem ocorreu por volta das 12h e revelou uma carga significativa de produtos eletr\u00f4nicos oriundos do Paraguai.<\/p>\n\n\n\n<p>Entre os itens apreendidos, estavam aproximadamente 30 celulares de marcas variadas, mais de 15 HDTVs e Initvs, al\u00e9m de outros eletr\u00f4nicos que ultrapassavam a cota permitida para importa\u00e7\u00e3o e n\u00e3o possu\u00edam a documenta\u00e7\u00e3o regular exigida pela legisla\u00e7\u00e3o brasileira.<\/p>\n\n\n\n<p>Diante da irregularidade, tanto o ve\u00edculo quanto os produtos foram apreendidos e encaminhados \u00e0 Pol\u00edcia Federal de Ponta Grossa, que dar\u00e1 continuidade \u00e0s investiga\u00e7\u00f5es e provid\u00eancias cab\u00edveis.<\/p>\n\n\n\n<p><\/p>\n\n\n\n<figure class=\"wp-block-image size-full\"><img loading=\"lazy\" decoding=\"async\" width=\"897\" height=\"204\" src=\"https:\/\/radiostudiow.com.br\/site\/wp-content\/uploads\/2024\/01\/SITE-GRANDE3.png\" alt=\"zaions\" class=\"wp-image-18936\" srcset=\"https:\/\/radiostudiow.com.br\/site\/wp-content\/uploads\/2024\/01\/SITE-GRANDE3.png 897w, https:\/\/radiostudiow.com.br\/site\/wp-content\/uploads\/2024\/01\/SITE-GRANDE3-300x68.png 300w, https:\/\/radiostudiow.com.br\/site\/wp-content\/uploads\/2024\/01\/SITE-GRANDE3-768x175.png 768w\" sizes=\"auto, (max-width: 897px) 100vw, 897px\" \/><\/figure>\n\n\n\n<p><\/p>\n\n\n\n<p><\/p>\n\n\n\n<p>A a\u00e7\u00e3o faz parte dos esfor\u00e7os das autoridades para coibir o descaminho e combater o com\u00e9rcio ilegal de mercadorias no territ\u00f3rio nacional. O 27\u00ba Batalh\u00e3o da Pol\u00edcia Militar refor\u00e7a a import\u00e2ncia da fiscaliza\u00e7\u00e3o e do cumprimento das normas para evitar preju\u00edzos \u00e0 economia e ao setor comercial do pa\u00eds.<\/p>\n\n\n\n<p>Fonte 27\u00ba BPM<\/p>\n\n\n\n<p><\/p>\n","protected":false},"excerpt":{"rendered":"<p>Uma opera\u00e7\u00e3o conjunta realizada pela Pol\u00edcia Militar e pela Receita Federal resultou na apreens\u00e3o de um ve\u00edculo e diversas mercadorias de origem irregular na cidade de S\u00e3o Mateus do Sul, nesta quarta-feira (03). A abordagem ocorreu por volta das 12h e revelou uma carga significativa de produtos eletr\u00f4nicos oriundos do Paraguai. Entre os itens apreendidos, [&hellip;]<\/p>\n","protected":false},"author":2,"featured_media":36395,"comment_status":"open","ping_status":"open","sticky":false,"template":"","format":"standard","meta":{"footnotes":""},"categories":[2],"tags":[172],"class_list":["post-36397","post","type-post","status-publish","format-standard","has-post-thumbnail","hentry","category-policial","tag-featured"],"amp_enabled":true,"_links":{"self":[{"href":"https:\/\/radiostudiow.com.br\/site\/wp-json\/wp\/v2\/posts\/36397","targetHints":{"allow":["GET"]}}],"collection":[{"href":"https:\/\/radiostudiow.com.br\/site\/wp-json\/wp\/v2\/posts"}],"about":[{"href":"https:\/\/radiostudiow.com.br\/site\/wp-json\/wp\/v2\/types\/post"}],"author":[{"embeddable":true,"href":"https:\/\/radiostudiow.com.br\/site\/wp-json\/wp\/v2\/users\/2"}],"replies":[{"embeddable":true,"href":"https:\/\/radiostudiow.com.br\/site\/wp-json\/wp\/v2\/comments?post=36397"}],"version-history":[{"count":1,"href":"https:\/\/radiostudiow.com.br\/site\/wp-json\/wp\/v2\/posts\/36397\/revisions"}],"predecessor-version":[{"id":36399,"href":"https:\/\/radiostudiow.com.br\/site\/wp-json\/wp\/v2\/posts\/36397\/revisions\/36399"}],"wp:featuredmedia":[{"embeddable":true,"href":"https:\/\/radiostudiow.com.br\/site\/wp-json\/wp\/v2\/media\/36395"}],"wp:attachment":[{"href":"https:\/\/radiostudiow.com.br\/site\/wp-json\/wp\/v2\/media?parent=36397"}],"wp:term":[{"taxonomy":"category","embeddable":true,"href":"https:\/\/radiostudiow.com.br\/site\/wp-json\/wp\/v2\/categories?post=36397"},{"taxonomy":"post_tag","embeddable":true,"href":"https:\/\/radiostudiow.com.br\/site\/wp-json\/wp\/v2\/tags?post=36397"}],"curies":[{"name":"wp","href":"https:\/\/api.w.org\/{rel}","templated":true}]}}