{"id":36400,"date":"2025-04-03T16:23:55","date_gmt":"2025-04-03T19:23:55","guid":{"rendered":"https:\/\/radiostudiow.com.br\/site\/?p=36400"},"modified":"2025-04-03T16:23:56","modified_gmt":"2025-04-03T19:23:56","slug":"furto-de-veiculo-e-localizacao-rapida-marcam-operacao-policial-em-sao-mateus-do-sul-e-canoinhas","status":"publish","type":"post","link":"https:\/\/radiostudiow.com.br\/site\/2025\/04\/03\/furto-de-veiculo-e-localizacao-rapida-marcam-operacao-policial-em-sao-mateus-do-sul-e-canoinhas\/","title":{"rendered":"Furto de ve\u00edculo e localiza\u00e7\u00e3o r\u00e1pida marcam opera\u00e7\u00e3o policial em S\u00e3o Mateus do Sul e Canoinhas"},"content":{"rendered":"\n<p><\/p>\n\n\n\n<p>Na noite desta quarta-feira (02), um furto de ve\u00edculo foi registrado no Centro de S\u00e3o Mateus do Sul.<\/p>\n\n\n\n<p> A Pol\u00edcia Militar foi acionada por volta das 22h, quando uma mulher relatou que havia sa\u00eddo de casa \u00e0s 19h para visitar uma vizinha e, ao retornar, percebeu que o port\u00e3o estava fora do trilho. Seu carro, um Fiat Uno Mille, havia sido levado.<\/p>\n\n\n\n<p>Diante da ocorr\u00eancia, a equipe policial iniciou patrulhamentos na regi\u00e3o e repassou os dados do ve\u00edculo para as cidades vizinhas. C\u00e2meras de monitoramento registraram o autom\u00f3vel entrando em Tr\u00eas Barras por volta das 21h, o que permitiu que a PM intensificasse as buscas e montasse um cerco policial em poss\u00edveis rotas de fuga.<\/p>\n\n\n\n<p><\/p>\n\n\n\n<figure class=\"wp-block-image size-full\"><img loading=\"lazy\" decoding=\"async\" width=\"598\" height=\"204\" src=\"https:\/\/radiostudiow.com.br\/site\/wp-content\/uploads\/2025\/01\/SITE-MEDIO7.png\" alt=\"\" class=\"wp-image-32801\" srcset=\"https:\/\/radiostudiow.com.br\/site\/wp-content\/uploads\/2025\/01\/SITE-MEDIO7.png 598w, https:\/\/radiostudiow.com.br\/site\/wp-content\/uploads\/2025\/01\/SITE-MEDIO7-300x102.png 300w\" sizes=\"auto, (max-width: 598px) 100vw, 598px\" \/><\/figure>\n\n\n\n<p><\/p>\n\n\n\n<p>A investiga\u00e7\u00e3o avan\u00e7ou ap\u00f3s informa\u00e7\u00f5es de que um homem tentava vender o carro na regi\u00e3o. <\/p>\n\n\n\n<p>Durante abordagem a um grupo de pessoas no Posto Guapo, um dos presentes confessou ser o autor do furto. Ele afirmou que pretendia seguir viagem at\u00e9 Papanduva, mas abandonou o ve\u00edculo devido a um problema no pneu.<\/p>\n\n\n\n<p>O Fiat Uno foi encontrado na Rua Sete de Setembro, no Centro de Canoinhas, com a chave localizada pr\u00f3xima ao grupo abordado. <\/p>\n\n\n\n<p>O suspeito recebeu voz de pris\u00e3o e foi encaminhado \u00e0 Delegacia para as provid\u00eancias cab\u00edveis.<\/p>\n\n\n\n<p><\/p>\n\n\n\n<figure class=\"wp-block-image size-full\"><img decoding=\"async\" src=\"https:\/\/radiostudiow.com.br\/site\/wp-content\/uploads\/2022\/05\/NUTRI-MALLET.jpg\" alt=\"\" class=\"wp-image-7282\"\/><\/figure>\n\n\n\n<p><\/p>\n\n\n\n<p><\/p>\n\n\n\n<p>Informa\u00e7\u00f5es: 27\u00ba BPM\/ Assis o Rep\u00f3rter <\/p>\n","protected":false},"excerpt":{"rendered":"<p>Na noite desta quarta-feira (02), um furto de ve\u00edculo foi registrado no Centro de S\u00e3o Mateus do Sul. A Pol\u00edcia Militar foi acionada por volta das 22h, quando uma mulher relatou que havia sa\u00eddo de casa \u00e0s 19h para visitar uma vizinha e, ao retornar, percebeu que o port\u00e3o estava fora do trilho. Seu carro, [&hellip;]<\/p>\n","protected":false},"author":2,"featured_media":36404,"comment_status":"open","ping_status":"open","sticky":false,"template":"","format":"standard","meta":{"footnotes":""},"categories":[2],"tags":[172],"class_list":["post-36400","post","type-post","status-publish","format-standard","has-post-thumbnail","hentry","category-policial","tag-featured"],"amp_enabled":true,"_links":{"self":[{"href":"https:\/\/radiostudiow.com.br\/site\/wp-json\/wp\/v2\/posts\/36400","targetHints":{"allow":["GET"]}}],"collection":[{"href":"https:\/\/radiostudiow.com.br\/site\/wp-json\/wp\/v2\/posts"}],"about":[{"href":"https:\/\/radiostudiow.com.br\/site\/wp-json\/wp\/v2\/types\/post"}],"author":[{"embeddable":true,"href":"https:\/\/radiostudiow.com.br\/site\/wp-json\/wp\/v2\/users\/2"}],"replies":[{"embeddable":true,"href":"https:\/\/radiostudiow.com.br\/site\/wp-json\/wp\/v2\/comments?post=36400"}],"version-history":[{"count":1,"href":"https:\/\/radiostudiow.com.br\/site\/wp-json\/wp\/v2\/posts\/36400\/revisions"}],"predecessor-version":[{"id":36406,"href":"https:\/\/radiostudiow.com.br\/site\/wp-json\/wp\/v2\/posts\/36400\/revisions\/36406"}],"wp:featuredmedia":[{"embeddable":true,"href":"https:\/\/radiostudiow.com.br\/site\/wp-json\/wp\/v2\/media\/36404"}],"wp:attachment":[{"href":"https:\/\/radiostudiow.com.br\/site\/wp-json\/wp\/v2\/media?parent=36400"}],"wp:term":[{"taxonomy":"category","embeddable":true,"href":"https:\/\/radiostudiow.com.br\/site\/wp-json\/wp\/v2\/categories?post=36400"},{"taxonomy":"post_tag","embeddable":true,"href":"https:\/\/radiostudiow.com.br\/site\/wp-json\/wp\/v2\/tags?post=36400"}],"curies":[{"name":"wp","href":"https:\/\/api.w.org\/{rel}","templated":true}]}}