{"id":36403,"date":"2025-04-03T16:24:35","date_gmt":"2025-04-03T19:24:35","guid":{"rendered":"https:\/\/radiostudiow.com.br\/site\/?p=36403"},"modified":"2025-04-03T16:24:35","modified_gmt":"2025-04-03T19:24:35","slug":"homem-e-preso-por-posse-ilegal-de-arma-de-fogo-em-irati","status":"publish","type":"post","link":"https:\/\/radiostudiow.com.br\/site\/2025\/04\/03\/homem-e-preso-por-posse-ilegal-de-arma-de-fogo-em-irati\/","title":{"rendered":"Homem \u00e9 preso por posse ilegal de arma de fogo em Irati"},"content":{"rendered":"\n<p>As equipes da Patrulha Maria da Penha e RPA realizaram uma abordagem a um grupo de homens no bairro Vila S\u00e3o Jo\u00e3o por volta das 15h24min dessa tarde desta quarta-feira (2). Durante a verifica\u00e7\u00e3o, nada de il\u00edcito foi encontrado com os abordados.<\/p>\n\n\n\n<figure class=\"wp-block-image size-full\"><img loading=\"lazy\" decoding=\"async\" width=\"897\" height=\"204\" src=\"https:\/\/radiostudiow.com.br\/site\/wp-content\/uploads\/2025\/03\/BARAO-NOVO-NOTICIAS-1.jpg\" alt=\"\" class=\"wp-image-35084\" srcset=\"https:\/\/radiostudiow.com.br\/site\/wp-content\/uploads\/2025\/03\/BARAO-NOVO-NOTICIAS-1.jpg 897w, https:\/\/radiostudiow.com.br\/site\/wp-content\/uploads\/2025\/03\/BARAO-NOVO-NOTICIAS-1-300x68.jpg 300w, https:\/\/radiostudiow.com.br\/site\/wp-content\/uploads\/2025\/03\/BARAO-NOVO-NOTICIAS-1-768x175.jpg 768w\" sizes=\"auto, (max-width: 897px) 100vw, 897px\" \/><\/figure>\n\n\n\n<p>No entanto, ao realizarem buscas em um ve\u00edculo FORD Ranger, os policiais localizaram uma mochila contendo um rev\u00f3lver municiado. Questionado sobre a propriedade da arma, o respons\u00e1vel pelo ve\u00edculo assumiu a posse, mas n\u00e3o apresentou registro nem porte legal.<\/p>\n\n\n\n<p>Diante da situa\u00e7\u00e3o, foi dada voz de pris\u00e3o ao indiv\u00edduo, que foi encaminhado \u00e0 41\u00aa Delegacia de Pol\u00edcia para as provid\u00eancias cab\u00edveis.<\/p>\n","protected":false},"excerpt":{"rendered":"<p>As equipes da Patrulha Maria da Penha e RPA realizaram uma abordagem a um grupo de homens no bairro Vila S\u00e3o Jo\u00e3o por volta das 15h24min dessa tarde desta quarta-feira (2). Durante a verifica\u00e7\u00e3o, nada de il\u00edcito foi encontrado com os abordados. No entanto, ao realizarem buscas em um ve\u00edculo FORD Ranger, os policiais localizaram [&hellip;]<\/p>\n","protected":false},"author":2,"featured_media":36405,"comment_status":"open","ping_status":"open","sticky":false,"template":"","format":"standard","meta":{"footnotes":""},"categories":[2],"tags":[172],"class_list":["post-36403","post","type-post","status-publish","format-standard","has-post-thumbnail","hentry","category-policial","tag-featured"],"amp_enabled":true,"_links":{"self":[{"href":"https:\/\/radiostudiow.com.br\/site\/wp-json\/wp\/v2\/posts\/36403","targetHints":{"allow":["GET"]}}],"collection":[{"href":"https:\/\/radiostudiow.com.br\/site\/wp-json\/wp\/v2\/posts"}],"about":[{"href":"https:\/\/radiostudiow.com.br\/site\/wp-json\/wp\/v2\/types\/post"}],"author":[{"embeddable":true,"href":"https:\/\/radiostudiow.com.br\/site\/wp-json\/wp\/v2\/users\/2"}],"replies":[{"embeddable":true,"href":"https:\/\/radiostudiow.com.br\/site\/wp-json\/wp\/v2\/comments?post=36403"}],"version-history":[{"count":1,"href":"https:\/\/radiostudiow.com.br\/site\/wp-json\/wp\/v2\/posts\/36403\/revisions"}],"predecessor-version":[{"id":36407,"href":"https:\/\/radiostudiow.com.br\/site\/wp-json\/wp\/v2\/posts\/36403\/revisions\/36407"}],"wp:featuredmedia":[{"embeddable":true,"href":"https:\/\/radiostudiow.com.br\/site\/wp-json\/wp\/v2\/media\/36405"}],"wp:attachment":[{"href":"https:\/\/radiostudiow.com.br\/site\/wp-json\/wp\/v2\/media?parent=36403"}],"wp:term":[{"taxonomy":"category","embeddable":true,"href":"https:\/\/radiostudiow.com.br\/site\/wp-json\/wp\/v2\/categories?post=36403"},{"taxonomy":"post_tag","embeddable":true,"href":"https:\/\/radiostudiow.com.br\/site\/wp-json\/wp\/v2\/tags?post=36403"}],"curies":[{"name":"wp","href":"https:\/\/api.w.org\/{rel}","templated":true}]}}