{"id":36409,"date":"2025-04-03T16:54:55","date_gmt":"2025-04-03T19:54:55","guid":{"rendered":"https:\/\/radiostudiow.com.br\/site\/?p=36409"},"modified":"2025-04-03T16:54:56","modified_gmt":"2025-04-03T19:54:56","slug":"policia-prende-suspeito-em-flagrante-por-trafico-de-animais-em-imbituva","status":"publish","type":"post","link":"https:\/\/radiostudiow.com.br\/site\/2025\/04\/03\/policia-prende-suspeito-em-flagrante-por-trafico-de-animais-em-imbituva\/","title":{"rendered":"Pol\u00edcia prende suspeito em flagrante por tr\u00e1fico de animais em Imbituva"},"content":{"rendered":"\n<p>Conforme o delegado da PCPR Guilherme Dias, a Pol\u00edcia Civil j\u00e1 monitorava o suspeito por meio de an\u00fancios na internet. Durante a opera\u00e7\u00e3o, os policiais localizaram um cativeiro no qual os animais eram mantidos<\/p>\n\n\n\n<p>A Pol\u00edcia Civil do Paran\u00e1 (PCPR) prendeu em flagrante um homem investigado pela pr\u00e1tica do crime de tr\u00e1fico de animais. A captura aconteceu ontem ter\u00e7a-feira (01), em Imbituva, na regi\u00e3o dos Campos Gerais.<\/p>\n\n\n\n<figure class=\"wp-block-image size-full\"><img loading=\"lazy\" decoding=\"async\" width=\"897\" height=\"204\" src=\"https:\/\/radiostudiow.com.br\/site\/wp-content\/uploads\/2025\/01\/SITE-GRANDE2.png\" alt=\"\" class=\"wp-image-32805\" srcset=\"https:\/\/radiostudiow.com.br\/site\/wp-content\/uploads\/2025\/01\/SITE-GRANDE2.png 897w, https:\/\/radiostudiow.com.br\/site\/wp-content\/uploads\/2025\/01\/SITE-GRANDE2-300x68.png 300w, https:\/\/radiostudiow.com.br\/site\/wp-content\/uploads\/2025\/01\/SITE-GRANDE2-768x175.png 768w\" sizes=\"auto, (max-width: 897px) 100vw, 897px\" \/><\/figure>\n\n\n\n<p><em><strong>\u201cNo local, foram apreendidos p\u00e1ssaros nativos e ex\u00f3ticos, serpentes da Am\u00e9rica do Norte e c\u00e3es da ra\u00e7a pug. Os animais estavam em condi\u00e7\u00f5es inadequadas e seriam destinados \u00e0 venda\u201d, explica.<\/strong><\/em><\/p>\n\n\n\n<p>O delegado ainda destaca que a\u00e7\u00f5es rigorosas continuar\u00e3o a ser tomadas para coibir pr\u00e1ticas de crueldade contra os animais. Ele tamb\u00e9m destaca que o apoio da popula\u00e7\u00e3o com den\u00fancias \u00e9 fundamental para o combate aos crimes desta natureza.<\/p>\n\n\n\n<p>O homem foi autuado em flagrante e responder\u00e1 pelos crimes de tr\u00e1fico de animais e maus-tratos a animais. As penas para essas infra\u00e7\u00f5es podem chegar a seis anos de pris\u00e3o.<\/p>\n\n\n\n<figure class=\"wp-block-image size-full\"><img loading=\"lazy\" decoding=\"async\" width=\"598\" height=\"204\" src=\"https:\/\/radiostudiow.com.br\/site\/wp-content\/uploads\/2025\/01\/SITE-MEDIO.png\" alt=\"\" class=\"wp-image-32810\" srcset=\"https:\/\/radiostudiow.com.br\/site\/wp-content\/uploads\/2025\/01\/SITE-MEDIO.png 598w, https:\/\/radiostudiow.com.br\/site\/wp-content\/uploads\/2025\/01\/SITE-MEDIO-300x102.png 300w\" sizes=\"auto, (max-width: 598px) 100vw, 598px\" \/><\/figure>\n\n\n\n<p>DEN\u00daNCIAS &#8211; Em casos de maus-tratos, o cidad\u00e3o pode registrar um boletim de ocorr\u00eancia online no site da PCPR. Nestas situa\u00e7\u00f5es, \u00e9 necess\u00e1rio que o crime esteja ocorrendo ou tenha ocorrido a pr\u00e1tica de ato de abuso, maus-tratos, ferimentos propositais de animais silvestres, dom\u00e9sticos ou domesticados, nativos ou ex\u00f3ticos.<\/p>\n\n\n\n<p>A popula\u00e7\u00e3o pode denunciar o crime de forma an\u00f4nima no Disque-Den\u00fancia 181, via telefone ou site, telefone 197 da PCPR e, em Curitiba, diretamente \u00e0 equipe de investiga\u00e7\u00e3o da Delegacia de Prote\u00e7\u00e3o ao Meio Ambiente, pelo n\u00famero (41) 3251-6200.<\/p>\n\n\n\n<p><em><strong>Informa\u00e7\u00f5es e Imagens PCPR<\/strong><\/em><\/p>\n\n\n\n<figure class=\"wp-block-video\"><video controls src=\"https:\/\/radiostudiow.com.br\/site\/wp-content\/uploads\/2025\/04\/menor.mp4\"><\/video><\/figure>\n","protected":false},"excerpt":{"rendered":"<p>Conforme o delegado da PCPR Guilherme Dias, a Pol\u00edcia Civil j\u00e1 monitorava o suspeito por meio de an\u00fancios na internet. Durante a opera\u00e7\u00e3o, os policiais localizaram um cativeiro no qual os animais eram mantidos A Pol\u00edcia Civil do Paran\u00e1 (PCPR) prendeu em flagrante um homem investigado pela pr\u00e1tica do crime de tr\u00e1fico de animais. A [&hellip;]<\/p>\n","protected":false},"author":2,"featured_media":36413,"comment_status":"open","ping_status":"open","sticky":false,"template":"","format":"standard","meta":{"footnotes":""},"categories":[2],"tags":[172],"class_list":["post-36409","post","type-post","status-publish","format-standard","has-post-thumbnail","hentry","category-policial","tag-featured"],"amp_enabled":true,"_links":{"self":[{"href":"https:\/\/radiostudiow.com.br\/site\/wp-json\/wp\/v2\/posts\/36409","targetHints":{"allow":["GET"]}}],"collection":[{"href":"https:\/\/radiostudiow.com.br\/site\/wp-json\/wp\/v2\/posts"}],"about":[{"href":"https:\/\/radiostudiow.com.br\/site\/wp-json\/wp\/v2\/types\/post"}],"author":[{"embeddable":true,"href":"https:\/\/radiostudiow.com.br\/site\/wp-json\/wp\/v2\/users\/2"}],"replies":[{"embeddable":true,"href":"https:\/\/radiostudiow.com.br\/site\/wp-json\/wp\/v2\/comments?post=36409"}],"version-history":[{"count":2,"href":"https:\/\/radiostudiow.com.br\/site\/wp-json\/wp\/v2\/posts\/36409\/revisions"}],"predecessor-version":[{"id":36416,"href":"https:\/\/radiostudiow.com.br\/site\/wp-json\/wp\/v2\/posts\/36409\/revisions\/36416"}],"wp:featuredmedia":[{"embeddable":true,"href":"https:\/\/radiostudiow.com.br\/site\/wp-json\/wp\/v2\/media\/36413"}],"wp:attachment":[{"href":"https:\/\/radiostudiow.com.br\/site\/wp-json\/wp\/v2\/media?parent=36409"}],"wp:term":[{"taxonomy":"category","embeddable":true,"href":"https:\/\/radiostudiow.com.br\/site\/wp-json\/wp\/v2\/categories?post=36409"},{"taxonomy":"post_tag","embeddable":true,"href":"https:\/\/radiostudiow.com.br\/site\/wp-json\/wp\/v2\/tags?post=36409"}],"curies":[{"name":"wp","href":"https:\/\/api.w.org\/{rel}","templated":true}]}}