{"id":36411,"date":"2025-04-03T16:51:15","date_gmt":"2025-04-03T19:51:15","guid":{"rendered":"https:\/\/radiostudiow.com.br\/site\/?p=36411"},"modified":"2025-04-03T16:51:15","modified_gmt":"2025-04-03T19:51:15","slug":"identificados-as-vitimas-do-grave-acidente-na-br-476-em-paula-freitas","status":"publish","type":"post","link":"https:\/\/radiostudiow.com.br\/site\/2025\/04\/03\/identificados-as-vitimas-do-grave-acidente-na-br-476-em-paula-freitas\/","title":{"rendered":"Identificados \u00e0s v\u00edtimas do grave acidente na BR-476 em Paula Freitas"},"content":{"rendered":"\n<p><\/p>\n\n\n\n<p>O tr\u00e1gico acidente envolvendo tr\u00eas caminh\u00f5es na BR-476, na regi\u00e3o de Vargem Grande, resultou na morte de cinco trabalhadores na manh\u00e3 desta quarta-feira (2).<\/p>\n\n\n\n<p>As v\u00edtimas eram funcion\u00e1rios de uma empresa de engenharia e estavam a caminho de Uni\u00e3o da Vit\u00f3ria, onde realizariam um servi\u00e7o com cabos de linha de transmiss\u00e3o.<\/p>\n\n\n\n<p>Eles partiram de Curitiba e seguiam na carroceria de um caminh\u00e3o Agrale 8500 quando foram atingidos.<\/p>\n\n\n\n<p><\/p>\n\n\n\n<figure class=\"wp-block-image size-full\"><img loading=\"lazy\" decoding=\"async\" width=\"897\" height=\"204\" src=\"https:\/\/radiostudiow.com.br\/site\/wp-content\/uploads\/2025\/02\/SITE-GRANDE7.png\" alt=\"\" class=\"wp-image-33861\" srcset=\"https:\/\/radiostudiow.com.br\/site\/wp-content\/uploads\/2025\/02\/SITE-GRANDE7.png 897w, https:\/\/radiostudiow.com.br\/site\/wp-content\/uploads\/2025\/02\/SITE-GRANDE7-300x68.png 300w, https:\/\/radiostudiow.com.br\/site\/wp-content\/uploads\/2025\/02\/SITE-GRANDE7-768x175.png 768w\" sizes=\"auto, (max-width: 897px) 100vw, 897px\" \/><\/figure>\n\n\n\n<p><\/p>\n\n\n\n<p>De acordo com as primeiras informa\u00e7\u00f5es, o acidente ocorreu quando um caminh\u00e3o Mercedes-Benz 1113 colidiu na traseira do Agrale 8500, que transportava os trabalhadores.<\/p>\n\n\n\n<p>Com o impacto, o ve\u00edculo foi arremessado para a pista contr\u00e1ria e bateu de frente com uma carreta Volvo que vinha no sentido oposto. Quatro dos ocupantes morreram no local. A quinta v\u00edtima acabou morrendo no hospital na tarde de ontem quarta-feira.<\/p>\n\n\n\n<h2 class=\"wp-block-heading\">As v\u00edtimas tinham entre 18 e 47 anos. Foram identificados como:<\/h2>\n\n\n\n<ul class=\"wp-block-list\">\n<li><strong>Sinvaldo da Silva Trindade<\/strong><\/li>\n\n\n\n<li><strong>Manoel Elieude Louren\u00e7o<\/strong><\/li>\n\n\n\n<li><strong>Thyago Dellgado Costa da Silva<\/strong><\/li>\n\n\n\n<li><strong>Lauri Edson do Prado<\/strong><\/li>\n\n\n\n<li><strong>Isa\u00edas Ramos Prestes (natural de Pinh\u00e3o \u2013 PR)<\/strong><\/li>\n<\/ul>\n\n\n\n<p><\/p>\n\n\n\n<figure class=\"wp-block-image size-full\"><img loading=\"lazy\" decoding=\"async\" width=\"897\" height=\"204\" src=\"https:\/\/radiostudiow.com.br\/site\/wp-content\/uploads\/2025\/03\/image-62.png\" alt=\"\" class=\"wp-image-35859\" srcset=\"https:\/\/radiostudiow.com.br\/site\/wp-content\/uploads\/2025\/03\/image-62.png 897w, https:\/\/radiostudiow.com.br\/site\/wp-content\/uploads\/2025\/03\/image-62-300x68.png 300w, https:\/\/radiostudiow.com.br\/site\/wp-content\/uploads\/2025\/03\/image-62-768x175.png 768w\" sizes=\"auto, (max-width: 897px) 100vw, 897px\" \/><\/figure>\n\n\n\n<p><\/p>\n\n\n\n<p>A trag\u00e9dia mobilizou equipes de resgate, que atuaram no atendimento \u00e0s v\u00edtimas e na remo\u00e7\u00e3o dos ve\u00edculos.<\/p>\n\n\n\n<p>As causas do acidente est\u00e3o sendo investigadas pelas autoridades competentes.<\/p>\n\n\n\n<p>Fonte: VVale<\/p>\n","protected":false},"excerpt":{"rendered":"<p>O tr\u00e1gico acidente envolvendo tr\u00eas caminh\u00f5es na BR-476, na regi\u00e3o de Vargem Grande, resultou na morte de cinco trabalhadores na manh\u00e3 desta quarta-feira (2). As v\u00edtimas eram funcion\u00e1rios de uma empresa de engenharia e estavam a caminho de Uni\u00e3o da Vit\u00f3ria, onde realizariam um servi\u00e7o com cabos de linha de transmiss\u00e3o. Eles partiram de Curitiba [&hellip;]<\/p>\n","protected":false},"author":2,"featured_media":36414,"comment_status":"open","ping_status":"open","sticky":false,"template":"","format":"standard","meta":{"footnotes":""},"categories":[185],"tags":[172],"class_list":["post-36411","post","type-post","status-publish","format-standard","has-post-thumbnail","hentry","category-regional","tag-featured"],"amp_enabled":true,"_links":{"self":[{"href":"https:\/\/radiostudiow.com.br\/site\/wp-json\/wp\/v2\/posts\/36411","targetHints":{"allow":["GET"]}}],"collection":[{"href":"https:\/\/radiostudiow.com.br\/site\/wp-json\/wp\/v2\/posts"}],"about":[{"href":"https:\/\/radiostudiow.com.br\/site\/wp-json\/wp\/v2\/types\/post"}],"author":[{"embeddable":true,"href":"https:\/\/radiostudiow.com.br\/site\/wp-json\/wp\/v2\/users\/2"}],"replies":[{"embeddable":true,"href":"https:\/\/radiostudiow.com.br\/site\/wp-json\/wp\/v2\/comments?post=36411"}],"version-history":[{"count":1,"href":"https:\/\/radiostudiow.com.br\/site\/wp-json\/wp\/v2\/posts\/36411\/revisions"}],"predecessor-version":[{"id":36415,"href":"https:\/\/radiostudiow.com.br\/site\/wp-json\/wp\/v2\/posts\/36411\/revisions\/36415"}],"wp:featuredmedia":[{"embeddable":true,"href":"https:\/\/radiostudiow.com.br\/site\/wp-json\/wp\/v2\/media\/36414"}],"wp:attachment":[{"href":"https:\/\/radiostudiow.com.br\/site\/wp-json\/wp\/v2\/media?parent=36411"}],"wp:term":[{"taxonomy":"category","embeddable":true,"href":"https:\/\/radiostudiow.com.br\/site\/wp-json\/wp\/v2\/categories?post=36411"},{"taxonomy":"post_tag","embeddable":true,"href":"https:\/\/radiostudiow.com.br\/site\/wp-json\/wp\/v2\/tags?post=36411"}],"curies":[{"name":"wp","href":"https:\/\/api.w.org\/{rel}","templated":true}]}}