{"id":36417,"date":"2025-04-03T16:57:04","date_gmt":"2025-04-03T19:57:04","guid":{"rendered":"https:\/\/radiostudiow.com.br\/site\/?p=36417"},"modified":"2025-04-03T16:57:09","modified_gmt":"2025-04-03T19:57:09","slug":"policia-militar-prende-suspeito-de-trafico-de-drogas-em-reboucas","status":"publish","type":"post","link":"https:\/\/radiostudiow.com.br\/site\/2025\/04\/03\/policia-militar-prende-suspeito-de-trafico-de-drogas-em-reboucas\/","title":{"rendered":"Pol\u00edcia Militar prende suspeito de tr\u00e1fico de drogas em Rebou\u00e7as"},"content":{"rendered":"\n<p>A Pol\u00edcia Militar do Paran\u00e1 (PMPR), por meio da 4\u00aa Companhia de Pol\u00edcia Militar (4\u00ba CRPM) e da 8\u00aa Companhia Independente de Pol\u00edcia Militar (8\u00aa CIPM), prendeu um homem de 27 anos durante patrulhamento na Avenida Manoel Ribas, em Rebou\u00e7as, no in\u00edcio da tarde desta quarta-feira (02-04), por envolvimento com tr\u00e1fico de drogas.<\/p>\n\n\n\n<p>Durante a abordagem, os policiais identificaram o suspeito, que j\u00e1 era conhecido pelas autoridades pela pr\u00e1tica de tr\u00e1fico de entorpecentes. Realizada a busca pessoal, foram encontradas 43,5 gramas de maconha no bolso do indiv\u00edduo. Diante do flagrante, o homem recebeu voz de pris\u00e3o e foi conduzido at\u00e9 sua resid\u00eancia para uma dilig\u00eancia, por\u00e9m, no local, nada mais de il\u00edcito foi localizado.<\/p>\n\n\n\n<figure class=\"wp-block-image size-full\"><img loading=\"lazy\" decoding=\"async\" width=\"897\" height=\"204\" src=\"https:\/\/radiostudiow.com.br\/site\/wp-content\/uploads\/2025\/01\/SITE-GRANDE5.png\" alt=\"\" class=\"wp-image-32814\" srcset=\"https:\/\/radiostudiow.com.br\/site\/wp-content\/uploads\/2025\/01\/SITE-GRANDE5.png 897w, https:\/\/radiostudiow.com.br\/site\/wp-content\/uploads\/2025\/01\/SITE-GRANDE5-300x68.png 300w, https:\/\/radiostudiow.com.br\/site\/wp-content\/uploads\/2025\/01\/SITE-GRANDE5-768x175.png 768w\" sizes=\"auto, (max-width: 897px) 100vw, 897px\" \/><\/figure>\n\n\n\n<p>O autor foi encaminhado \u00e0 Delegacia de Pol\u00edcia Civil de Rebou\u00e7as, onde as provid\u00eancias cab\u00edveis foram tomadas. O material apreendido, 43,5 gramas de maconha, foi levado para a delegacia, onde ser\u00e1 analisado nas investiga\u00e7\u00f5es.<\/p>\n\n\n\n<p>A a\u00e7\u00e3o de hoje refor\u00e7a o compromisso da PMPR no combate ao tr\u00e1fico de drogas e na manuten\u00e7\u00e3o da ordem p\u00fablica no munic\u00edpio de Rebou\u00e7as. A pris\u00e3o do suspeito segue para os tr\u00e2mites legais, com a expectativa de que mais investiga\u00e7\u00f5es sejam realizadas sobre o caso.<\/p>\n\n\n\n<p><em><strong>Com informa\u00e7\u00f5es da Pol\u00edcia Militar.<\/strong><\/em><\/p>\n\n\n\n<figure class=\"wp-block-image size-full\"><img loading=\"lazy\" decoding=\"async\" width=\"900\" height=\"408\" src=\"https:\/\/radiostudiow.com.br\/site\/wp-content\/uploads\/2025\/03\/SITE-E-TV-1.png\" alt=\"\" class=\"wp-image-35744\" srcset=\"https:\/\/radiostudiow.com.br\/site\/wp-content\/uploads\/2025\/03\/SITE-E-TV-1.png 900w, https:\/\/radiostudiow.com.br\/site\/wp-content\/uploads\/2025\/03\/SITE-E-TV-1-300x136.png 300w, https:\/\/radiostudiow.com.br\/site\/wp-content\/uploads\/2025\/03\/SITE-E-TV-1-768x348.png 768w\" sizes=\"auto, (max-width: 900px) 100vw, 900px\" \/><\/figure>\n","protected":false},"excerpt":{"rendered":"<p>A Pol\u00edcia Militar do Paran\u00e1 (PMPR), por meio da 4\u00aa Companhia de Pol\u00edcia Militar (4\u00ba CRPM) e da 8\u00aa Companhia Independente de Pol\u00edcia Militar (8\u00aa CIPM), prendeu um homem de 27 anos durante patrulhamento na Avenida Manoel Ribas, em Rebou\u00e7as, no in\u00edcio da tarde desta quarta-feira (02-04), por envolvimento com tr\u00e1fico de drogas. Durante a [&hellip;]<\/p>\n","protected":false},"author":2,"featured_media":36418,"comment_status":"open","ping_status":"open","sticky":false,"template":"","format":"standard","meta":{"footnotes":""},"categories":[2],"tags":[172],"class_list":["post-36417","post","type-post","status-publish","format-standard","has-post-thumbnail","hentry","category-policial","tag-featured"],"amp_enabled":true,"_links":{"self":[{"href":"https:\/\/radiostudiow.com.br\/site\/wp-json\/wp\/v2\/posts\/36417","targetHints":{"allow":["GET"]}}],"collection":[{"href":"https:\/\/radiostudiow.com.br\/site\/wp-json\/wp\/v2\/posts"}],"about":[{"href":"https:\/\/radiostudiow.com.br\/site\/wp-json\/wp\/v2\/types\/post"}],"author":[{"embeddable":true,"href":"https:\/\/radiostudiow.com.br\/site\/wp-json\/wp\/v2\/users\/2"}],"replies":[{"embeddable":true,"href":"https:\/\/radiostudiow.com.br\/site\/wp-json\/wp\/v2\/comments?post=36417"}],"version-history":[{"count":2,"href":"https:\/\/radiostudiow.com.br\/site\/wp-json\/wp\/v2\/posts\/36417\/revisions"}],"predecessor-version":[{"id":36420,"href":"https:\/\/radiostudiow.com.br\/site\/wp-json\/wp\/v2\/posts\/36417\/revisions\/36420"}],"wp:featuredmedia":[{"embeddable":true,"href":"https:\/\/radiostudiow.com.br\/site\/wp-json\/wp\/v2\/media\/36418"}],"wp:attachment":[{"href":"https:\/\/radiostudiow.com.br\/site\/wp-json\/wp\/v2\/media?parent=36417"}],"wp:term":[{"taxonomy":"category","embeddable":true,"href":"https:\/\/radiostudiow.com.br\/site\/wp-json\/wp\/v2\/categories?post=36417"},{"taxonomy":"post_tag","embeddable":true,"href":"https:\/\/radiostudiow.com.br\/site\/wp-json\/wp\/v2\/tags?post=36417"}],"curies":[{"name":"wp","href":"https:\/\/api.w.org\/{rel}","templated":true}]}}