{"id":36422,"date":"2025-04-03T18:41:26","date_gmt":"2025-04-03T21:41:26","guid":{"rendered":"https:\/\/radiostudiow.com.br\/site\/?p=36422"},"modified":"2025-04-03T18:41:26","modified_gmt":"2025-04-03T21:41:26","slug":"crianca-fica-ferida-apos-atropelamento-de-bicicleta-em-uniao-da-vitoria","status":"publish","type":"post","link":"https:\/\/radiostudiow.com.br\/site\/2025\/04\/03\/crianca-fica-ferida-apos-atropelamento-de-bicicleta-em-uniao-da-vitoria\/","title":{"rendered":"Crian\u00e7a fica ferida ap\u00f3s atropelamento de bicicleta em Uni\u00e3o da Vit\u00f3ria"},"content":{"rendered":"\n<p>A equipe do Corpo de Bombeiros e da Pol\u00edcia Militar de Uni\u00e3o da Vit\u00f3ria foram acionadas por volta das 08h15min desta quinta-feira (03), para atendimento de uma ocorr\u00eancia de atropelamento na Avenida Paula Freitas, esquina do aeroporto.<\/p>\n\n\n\n<p>No local, um ve\u00edculo Fiat Idea de placas Mercosul acabou atingindo uma bicicleta em que estavam uma jovem e uma crian\u00e7a do sexo feminino na faixa et\u00e1ria media de 5 anos.<\/p>\n\n\n\n<figure class=\"wp-block-image size-full\"><img loading=\"lazy\" decoding=\"async\" width=\"598\" height=\"204\" src=\"https:\/\/radiostudiow.com.br\/site\/wp-content\/uploads\/2025\/01\/SITE-MEDIO7.png\" alt=\"\" class=\"wp-image-32801\" srcset=\"https:\/\/radiostudiow.com.br\/site\/wp-content\/uploads\/2025\/01\/SITE-MEDIO7.png 598w, https:\/\/radiostudiow.com.br\/site\/wp-content\/uploads\/2025\/01\/SITE-MEDIO7-300x102.png 300w\" sizes=\"auto, (max-width: 598px) 100vw, 598px\" \/><\/figure>\n\n\n\n<p>Do acidente, resultou em ferimentos pelos bracinhos da crian\u00e7a e foi conduzida ao Hospital APMI para atendimento m\u00e9dico.<\/p>\n\n\n\n<p>A Pol\u00edcia Militar registrou o boletim de ocorr\u00eancia junto ao condutor do ve\u00edculo, que prestou todo suporte no local\u00a0do\u00a0sinistro.<\/p>\n","protected":false},"excerpt":{"rendered":"<p>A equipe do Corpo de Bombeiros e da Pol\u00edcia Militar de Uni\u00e3o da Vit\u00f3ria foram acionadas por volta das 08h15min desta quinta-feira (03), para atendimento de uma ocorr\u00eancia de atropelamento na Avenida Paula Freitas, esquina do aeroporto. No local, um ve\u00edculo Fiat Idea de placas Mercosul acabou atingindo uma bicicleta em que estavam uma jovem [&hellip;]<\/p>\n","protected":false},"author":2,"featured_media":36424,"comment_status":"open","ping_status":"open","sticky":false,"template":"","format":"standard","meta":{"footnotes":""},"categories":[2],"tags":[172],"class_list":["post-36422","post","type-post","status-publish","format-standard","has-post-thumbnail","hentry","category-policial","tag-featured"],"amp_enabled":true,"_links":{"self":[{"href":"https:\/\/radiostudiow.com.br\/site\/wp-json\/wp\/v2\/posts\/36422","targetHints":{"allow":["GET"]}}],"collection":[{"href":"https:\/\/radiostudiow.com.br\/site\/wp-json\/wp\/v2\/posts"}],"about":[{"href":"https:\/\/radiostudiow.com.br\/site\/wp-json\/wp\/v2\/types\/post"}],"author":[{"embeddable":true,"href":"https:\/\/radiostudiow.com.br\/site\/wp-json\/wp\/v2\/users\/2"}],"replies":[{"embeddable":true,"href":"https:\/\/radiostudiow.com.br\/site\/wp-json\/wp\/v2\/comments?post=36422"}],"version-history":[{"count":1,"href":"https:\/\/radiostudiow.com.br\/site\/wp-json\/wp\/v2\/posts\/36422\/revisions"}],"predecessor-version":[{"id":36426,"href":"https:\/\/radiostudiow.com.br\/site\/wp-json\/wp\/v2\/posts\/36422\/revisions\/36426"}],"wp:featuredmedia":[{"embeddable":true,"href":"https:\/\/radiostudiow.com.br\/site\/wp-json\/wp\/v2\/media\/36424"}],"wp:attachment":[{"href":"https:\/\/radiostudiow.com.br\/site\/wp-json\/wp\/v2\/media?parent=36422"}],"wp:term":[{"taxonomy":"category","embeddable":true,"href":"https:\/\/radiostudiow.com.br\/site\/wp-json\/wp\/v2\/categories?post=36422"},{"taxonomy":"post_tag","embeddable":true,"href":"https:\/\/radiostudiow.com.br\/site\/wp-json\/wp\/v2\/tags?post=36422"}],"curies":[{"name":"wp","href":"https:\/\/api.w.org\/{rel}","templated":true}]}}