{"id":36423,"date":"2025-04-03T18:55:33","date_gmt":"2025-04-03T21:55:33","guid":{"rendered":"https:\/\/radiostudiow.com.br\/site\/?p=36423"},"modified":"2025-04-03T18:55:42","modified_gmt":"2025-04-03T21:55:42","slug":"colisao-lateral-na-br-153-em-irati-deixa-duas-pessoas-feridas","status":"publish","type":"post","link":"https:\/\/radiostudiow.com.br\/site\/2025\/04\/03\/colisao-lateral-na-br-153-em-irati-deixa-duas-pessoas-feridas\/","title":{"rendered":"Colis\u00e3o lateral na BR-153 em Irati deixa duas pessoas feridas"},"content":{"rendered":"\n<p><em><strong>Na tarde desta quinta-feira (03), um acidente foi registrado no Km 344 da BR-153, no munic\u00edpio de Irati.<\/strong><\/em><\/p>\n\n\n\n<p>A colis\u00e3o, do tipo lateral de sentido oposto, ocorreu por volta das 15h e envolveu dois ve\u00edculos.<br>Um Ford Fiesta preto, com placas de Rebou\u00e7as, e um Celta vermelho, emplacado em Ponta Grossa.<\/p>\n\n\n\n<p>Apesar da gravidade do impacto, a maioria dos ocupantes dos ve\u00edculos n\u00e3o sofreu ferimentos. O condutor do Ford Fiesta, um homem de 47 anos, e suas passageiras, de 37 e 50 anos, sa\u00edram ilesos.<\/p>\n\n\n\n<figure class=\"wp-block-image size-full\"><img loading=\"lazy\" decoding=\"async\" width=\"897\" height=\"204\" src=\"https:\/\/radiostudiow.com.br\/site\/wp-content\/uploads\/2025\/02\/SITE-GRANDE7.png\" alt=\"\" class=\"wp-image-33861\" srcset=\"https:\/\/radiostudiow.com.br\/site\/wp-content\/uploads\/2025\/02\/SITE-GRANDE7.png 897w, https:\/\/radiostudiow.com.br\/site\/wp-content\/uploads\/2025\/02\/SITE-GRANDE7-300x68.png 300w, https:\/\/radiostudiow.com.br\/site\/wp-content\/uploads\/2025\/02\/SITE-GRANDE7-768x175.png 768w\" sizes=\"auto, (max-width: 897px) 100vw, 897px\" \/><\/figure>\n\n\n\n<p>O motorista do Celta, um homem de 60 anos, tamb\u00e9m n\u00e3o sofreu ferimentos. No entanto, as duas passageiras do Celta, uma Senhor de 80 anos foi encaminhada para Hospital de Rebou\u00e7as, a outra passageira, de 56 anos, recebeu atendimento m\u00e9dico no local<\/p>\n\n\n\n<p>Lembrando que a BR-153 \u00e9 uma rodovia de grande movimenta\u00e7\u00e3o e a pista estreita, por isso, refor\u00e7a-se a import\u00e2ncia de aten\u00e7\u00e3o redobrada dos condutores para evitar colis\u00f5es e outros incidentes.<\/p>\n\n\n\n<p>Informa\u00e7\u00f5es e Fotos<br>Rep\u00f3rter Kiko de Oliveira\/Jornal O Combate<\/p>\n\n\n\n<figure class=\"wp-block-image size-full\"><img loading=\"lazy\" decoding=\"async\" width=\"900\" height=\"408\" src=\"https:\/\/radiostudiow.com.br\/site\/wp-content\/uploads\/2025\/03\/SITE-E-TV-1.png\" alt=\"\" class=\"wp-image-35744\" srcset=\"https:\/\/radiostudiow.com.br\/site\/wp-content\/uploads\/2025\/03\/SITE-E-TV-1.png 900w, https:\/\/radiostudiow.com.br\/site\/wp-content\/uploads\/2025\/03\/SITE-E-TV-1-300x136.png 300w, https:\/\/radiostudiow.com.br\/site\/wp-content\/uploads\/2025\/03\/SITE-E-TV-1-768x348.png 768w\" sizes=\"auto, (max-width: 900px) 100vw, 900px\" \/><\/figure>\n\n\n\n<p><\/p>\n","protected":false},"excerpt":{"rendered":"<p>Na tarde desta quinta-feira (03), um acidente foi registrado no Km 344 da BR-153, no munic\u00edpio de Irati. A colis\u00e3o, do tipo lateral de sentido oposto, ocorreu por volta das 15h e envolveu dois ve\u00edculos.Um Ford Fiesta preto, com placas de Rebou\u00e7as, e um Celta vermelho, emplacado em Ponta Grossa. Apesar da gravidade do impacto, [&hellip;]<\/p>\n","protected":false},"author":2,"featured_media":36428,"comment_status":"open","ping_status":"open","sticky":false,"template":"","format":"standard","meta":{"footnotes":""},"categories":[185],"tags":[172],"class_list":["post-36423","post","type-post","status-publish","format-standard","has-post-thumbnail","hentry","category-regional","tag-featured"],"amp_enabled":true,"_links":{"self":[{"href":"https:\/\/radiostudiow.com.br\/site\/wp-json\/wp\/v2\/posts\/36423","targetHints":{"allow":["GET"]}}],"collection":[{"href":"https:\/\/radiostudiow.com.br\/site\/wp-json\/wp\/v2\/posts"}],"about":[{"href":"https:\/\/radiostudiow.com.br\/site\/wp-json\/wp\/v2\/types\/post"}],"author":[{"embeddable":true,"href":"https:\/\/radiostudiow.com.br\/site\/wp-json\/wp\/v2\/users\/2"}],"replies":[{"embeddable":true,"href":"https:\/\/radiostudiow.com.br\/site\/wp-json\/wp\/v2\/comments?post=36423"}],"version-history":[{"count":1,"href":"https:\/\/radiostudiow.com.br\/site\/wp-json\/wp\/v2\/posts\/36423\/revisions"}],"predecessor-version":[{"id":36429,"href":"https:\/\/radiostudiow.com.br\/site\/wp-json\/wp\/v2\/posts\/36423\/revisions\/36429"}],"wp:featuredmedia":[{"embeddable":true,"href":"https:\/\/radiostudiow.com.br\/site\/wp-json\/wp\/v2\/media\/36428"}],"wp:attachment":[{"href":"https:\/\/radiostudiow.com.br\/site\/wp-json\/wp\/v2\/media?parent=36423"}],"wp:term":[{"taxonomy":"category","embeddable":true,"href":"https:\/\/radiostudiow.com.br\/site\/wp-json\/wp\/v2\/categories?post=36423"},{"taxonomy":"post_tag","embeddable":true,"href":"https:\/\/radiostudiow.com.br\/site\/wp-json\/wp\/v2\/tags?post=36423"}],"curies":[{"name":"wp","href":"https:\/\/api.w.org\/{rel}","templated":true}]}}