{"id":36431,"date":"2025-04-03T19:10:47","date_gmt":"2025-04-03T22:10:47","guid":{"rendered":"https:\/\/radiostudiow.com.br\/site\/?p=36431"},"modified":"2025-04-03T20:57:31","modified_gmt":"2025-04-03T23:57:31","slug":"prf-apreende-cerca-de-21-quilos-de-maconha-em-onibus-na-br-277-em-irati-pr","status":"publish","type":"post","link":"https:\/\/radiostudiow.com.br\/site\/2025\/04\/03\/prf-apreende-cerca-de-21-quilos-de-maconha-em-onibus-na-br-277-em-irati-pr\/","title":{"rendered":"PRF apreende cerca de 21 quilos de maconha em \u00f4nibus na BR-277, em Irati (PR)"},"content":{"rendered":"\n<p>A droga estava na bagagem de um passageiro que alegou n\u00e3o saber que transportava maconha<\/p>\n\n\n\n<p>A Pol\u00edcia Rodovi\u00e1ria Federal (PRF) apreendeu 21,34 quilos de maconha durante fiscaliza\u00e7\u00e3o conjunta com a Receita Federal, em um \u00f4nibus que fazia a linha Foz do Igua\u00e7u (PR) com destino \u00e0 Curitiba (PR).<\/p>\n\n\n\n<p>Durante a vistoria no bagageiro do ve\u00edculo, os policiais encontraram uma mala pesada e com cheiro de maconha.<\/p>\n\n\n\n<figure class=\"wp-block-image size-full\"><img loading=\"lazy\" decoding=\"async\" width=\"300\" height=\"180\" src=\"https:\/\/radiostudiow.com.br\/site\/wp-content\/uploads\/2025\/01\/SITE-PEQUENO3.png\" alt=\"\" class=\"wp-image-32851\"\/><\/figure>\n\n\n\n<p>O passageiro respons\u00e1vel pela bagagem afirmou que achava que estava levando aparelhos eletr\u00f4nicos e que havia recebido a mala fechada de um homem n\u00e3o identificado na rodovi\u00e1ria de Foz do Igua\u00e7u.<\/p>\n\n\n\n<p>Diante dos fatos, o homem, de 29 anos, foi preso pelo crime de tr\u00e1fico de drogas e encaminhado \u00e0 Delegacia de Pol\u00edcia Civil de Irati para os procedimentos cab\u00edveis.<\/p>\n\n\n\n<figure class=\"wp-block-image size-full\"><img loading=\"lazy\" decoding=\"async\" width=\"900\" height=\"408\" src=\"https:\/\/radiostudiow.com.br\/site\/wp-content\/uploads\/2025\/03\/SITE-E-TV-1.png\" alt=\"\" class=\"wp-image-35744\" srcset=\"https:\/\/radiostudiow.com.br\/site\/wp-content\/uploads\/2025\/03\/SITE-E-TV-1.png 900w, https:\/\/radiostudiow.com.br\/site\/wp-content\/uploads\/2025\/03\/SITE-E-TV-1-300x136.png 300w, https:\/\/radiostudiow.com.br\/site\/wp-content\/uploads\/2025\/03\/SITE-E-TV-1-768x348.png 768w\" sizes=\"auto, (max-width: 900px) 100vw, 900px\" \/><\/figure>\n","protected":false},"excerpt":{"rendered":"<p>A droga estava na bagagem de um passageiro que alegou n\u00e3o saber que transportava maconha A Pol\u00edcia Rodovi\u00e1ria Federal (PRF) apreendeu 21,34 quilos de maconha durante fiscaliza\u00e7\u00e3o conjunta com a Receita Federal, em um \u00f4nibus que fazia a linha Foz do Igua\u00e7u (PR) com destino \u00e0 Curitiba (PR). Durante a vistoria no bagageiro do ve\u00edculo, [&hellip;]<\/p>\n","protected":false},"author":2,"featured_media":36436,"comment_status":"open","ping_status":"open","sticky":false,"template":"","format":"standard","meta":{"footnotes":""},"categories":[2],"tags":[],"class_list":["post-36431","post","type-post","status-publish","format-standard","has-post-thumbnail","hentry","category-policial"],"amp_enabled":true,"_links":{"self":[{"href":"https:\/\/radiostudiow.com.br\/site\/wp-json\/wp\/v2\/posts\/36431","targetHints":{"allow":["GET"]}}],"collection":[{"href":"https:\/\/radiostudiow.com.br\/site\/wp-json\/wp\/v2\/posts"}],"about":[{"href":"https:\/\/radiostudiow.com.br\/site\/wp-json\/wp\/v2\/types\/post"}],"author":[{"embeddable":true,"href":"https:\/\/radiostudiow.com.br\/site\/wp-json\/wp\/v2\/users\/2"}],"replies":[{"embeddable":true,"href":"https:\/\/radiostudiow.com.br\/site\/wp-json\/wp\/v2\/comments?post=36431"}],"version-history":[{"count":2,"href":"https:\/\/radiostudiow.com.br\/site\/wp-json\/wp\/v2\/posts\/36431\/revisions"}],"predecessor-version":[{"id":36438,"href":"https:\/\/radiostudiow.com.br\/site\/wp-json\/wp\/v2\/posts\/36431\/revisions\/36438"}],"wp:featuredmedia":[{"embeddable":true,"href":"https:\/\/radiostudiow.com.br\/site\/wp-json\/wp\/v2\/media\/36436"}],"wp:attachment":[{"href":"https:\/\/radiostudiow.com.br\/site\/wp-json\/wp\/v2\/media?parent=36431"}],"wp:term":[{"taxonomy":"category","embeddable":true,"href":"https:\/\/radiostudiow.com.br\/site\/wp-json\/wp\/v2\/categories?post=36431"},{"taxonomy":"post_tag","embeddable":true,"href":"https:\/\/radiostudiow.com.br\/site\/wp-json\/wp\/v2\/tags?post=36431"}],"curies":[{"name":"wp","href":"https:\/\/api.w.org\/{rel}","templated":true}]}}