{"id":36459,"date":"2025-04-04T10:11:42","date_gmt":"2025-04-04T13:11:42","guid":{"rendered":"https:\/\/radiostudiow.com.br\/site\/?p=36459"},"modified":"2025-04-04T10:11:42","modified_gmt":"2025-04-04T13:11:42","slug":"producao-de-ovos-cresce-57-no-parana-e-segue-em-alta-no-agronegocio","status":"publish","type":"post","link":"https:\/\/radiostudiow.com.br\/site\/2025\/04\/04\/producao-de-ovos-cresce-57-no-parana-e-segue-em-alta-no-agronegocio\/","title":{"rendered":"Produ\u00e7\u00e3o de ovos cresce 5,7% no Paran\u00e1 e segue em alta no agroneg\u00f3cio"},"content":{"rendered":"\n<p>A produ\u00e7\u00e3o de ovos para consumo no Paran\u00e1 cresceu 5,7% em 2024 em rela\u00e7\u00e3o ao ano anterior, de acordo com a Pesquisa Trimestral de Produ\u00e7\u00e3o de Ovos (POG) do Instituto Brasileiro de Geografia e Estat\u00edstica (IBGE). O volume produzido passou de 191,866 milh\u00f5es de d\u00fazias em 2023 (ou 2,302 bilh\u00f5es de unidades) para 202,874 milh\u00f5es de d\u00fazias (ou 2,434 bilh\u00f5es de unidades) em 2024.<\/p>\n\n\n\n<p>O aumento da produ\u00e7\u00e3o est\u00e1 relacionado \u00e0 alta demanda impulsionada pelo encarecimento das carnes e pelo maior consumo da popula\u00e7\u00e3o, que busca os benef\u00edcios nutricionais dos ovos. Segundo o m\u00e9dico veterin\u00e1rio do Departamento de Economia Rural (Deral), Roberto Carlos Andrade e Silva, a tend\u00eancia \u00e9 de crescimento cont\u00ednuo no setor.<\/p>\n\n\n\n<p>Durante todo o ano de 2024, o Paran\u00e1 permaneceu na oitava posi\u00e7\u00e3o no ranking nacional de produ\u00e7\u00e3o de ovos para consumo, mas liderou na produ\u00e7\u00e3o de ovos para incuba\u00e7\u00e3o, destinados \u00e0 cria\u00e7\u00e3o de pintos de corte. Este segmento tamb\u00e9m registrou alta, atingindo 838,593 milh\u00f5es de d\u00fazias (10,063 bilh\u00f5es de unidades), um crescimento de 2,9% em rela\u00e7\u00e3o a 2023.<\/p>\n\n\n\n<figure class=\"wp-block-image size-full\"><img loading=\"lazy\" decoding=\"async\" width=\"897\" height=\"204\" src=\"https:\/\/radiostudiow.com.br\/site\/wp-content\/uploads\/2025\/01\/SITE-GRANDE.png\" alt=\"\" class=\"wp-image-32809\" srcset=\"https:\/\/radiostudiow.com.br\/site\/wp-content\/uploads\/2025\/01\/SITE-GRANDE.png 897w, https:\/\/radiostudiow.com.br\/site\/wp-content\/uploads\/2025\/01\/SITE-GRANDE-300x68.png 300w, https:\/\/radiostudiow.com.br\/site\/wp-content\/uploads\/2025\/01\/SITE-GRANDE-768x175.png 768w\" sizes=\"auto, (max-width: 897px) 100vw, 897px\" \/><\/figure>\n\n\n\n<h3 class=\"wp-block-heading\">Outros destaques do agroneg\u00f3cio no Paran\u00e1<\/h3>\n\n\n\n<p><strong>Frango:<\/strong>&nbsp;O Paran\u00e1 segue como o maior exportador de carne de frango do Brasil, com 366,7 mil toneladas exportadas no primeiro bimestre de 2025, representando 41,3% do total nacional e um aumento de 12,5% em rela\u00e7\u00e3o ao mesmo per\u00edodo de 2024.<\/p>\n\n\n\n<p><strong>Soja:<\/strong>&nbsp;As perspectivas para a safra s\u00e3o positivas. O Banco Central projeta o d\u00f3lar acima de R$ 5,90 em dezembro de 2025, e a redu\u00e7\u00e3o da \u00e1rea plantada nos EUA pode beneficiar os produtores brasileiros.<\/p>\n\n\n\n<p><strong>Leite:<\/strong>&nbsp;Em mar\u00e7o, os pre\u00e7os dos principais derivados l\u00e1cteos aumentaram no varejo paranaense: leite em p\u00f3 (+5,21%), leite longa vida (+2,91%) e leite pasteurizado (+2,02%). As condi\u00e7\u00f5es clim\u00e1ticas e a infla\u00e7\u00e3o impactam diretamente os pre\u00e7os ao consumidor.<\/p>\n\n\n\n<figure class=\"wp-block-image size-full\"><img loading=\"lazy\" decoding=\"async\" width=\"598\" height=\"204\" src=\"https:\/\/radiostudiow.com.br\/site\/wp-content\/uploads\/2025\/01\/SITE-MEDIO3.png\" alt=\"\" class=\"wp-image-32815\" srcset=\"https:\/\/radiostudiow.com.br\/site\/wp-content\/uploads\/2025\/01\/SITE-MEDIO3.png 598w, https:\/\/radiostudiow.com.br\/site\/wp-content\/uploads\/2025\/01\/SITE-MEDIO3-300x102.png 300w\" sizes=\"auto, (max-width: 598px) 100vw, 598px\" \/><\/figure>\n\n\n\n<p><strong>Trigo:<\/strong>&nbsp;O plantio no Paran\u00e1 come\u00e7ou em abril, com previs\u00e3o de queda de 20% na \u00e1rea cultivada, que deve recuar para 910 mil hectares. A migra\u00e7\u00e3o para o cultivo de milho e as perdas nas \u00faltimas safras influenciaram essa decis\u00e3o.<\/p>\n\n\n\n<p><strong>Su\u00ednos:<\/strong>&nbsp;O abate de su\u00ednos nos frigor\u00edficos com inspe\u00e7\u00e3o estadual (SIP) caiu 3,1% em 2024, enquanto a inspe\u00e7\u00e3o municipal (SIM) registrou retra\u00e7\u00e3o de 12,2% e a federal (SIF), de 1,4%. No entanto, o n\u00famero de abates sob inspe\u00e7\u00e3o federal cresceu 3,7%.<\/p>\n\n\n\n<p><strong>Caqui:<\/strong>&nbsp;A produ\u00e7\u00e3o de caqui no Paran\u00e1, concentrada entre mar\u00e7o e junho, segue em decl\u00ednio. Em 2023, foram cultivados 470 hectares, gerando 6,2 mil toneladas e um VBP de R$ 18,2 milh\u00f5es. Nos \u00faltimos dez anos, houve queda de 54,5% na produ\u00e7\u00e3o devido \u00e0 antracnose e \u00e0s condi\u00e7\u00f5es clim\u00e1ticas adversas.<\/p>\n","protected":false},"excerpt":{"rendered":"<p>A produ\u00e7\u00e3o de ovos para consumo no Paran\u00e1 cresceu 5,7% em 2024 em rela\u00e7\u00e3o ao ano anterior, de acordo com a Pesquisa Trimestral de Produ\u00e7\u00e3o de Ovos (POG) do Instituto Brasileiro de Geografia e Estat\u00edstica (IBGE). O volume produzido passou de 191,866 milh\u00f5es de d\u00fazias em 2023 (ou 2,302 bilh\u00f5es de unidades) para 202,874 milh\u00f5es [&hellip;]<\/p>\n","protected":false},"author":2,"featured_media":36461,"comment_status":"open","ping_status":"open","sticky":false,"template":"","format":"standard","meta":{"footnotes":""},"categories":[7],"tags":[172],"class_list":["post-36459","post","type-post","status-publish","format-standard","has-post-thumbnail","hentry","category-geral","tag-featured"],"amp_enabled":true,"_links":{"self":[{"href":"https:\/\/radiostudiow.com.br\/site\/wp-json\/wp\/v2\/posts\/36459","targetHints":{"allow":["GET"]}}],"collection":[{"href":"https:\/\/radiostudiow.com.br\/site\/wp-json\/wp\/v2\/posts"}],"about":[{"href":"https:\/\/radiostudiow.com.br\/site\/wp-json\/wp\/v2\/types\/post"}],"author":[{"embeddable":true,"href":"https:\/\/radiostudiow.com.br\/site\/wp-json\/wp\/v2\/users\/2"}],"replies":[{"embeddable":true,"href":"https:\/\/radiostudiow.com.br\/site\/wp-json\/wp\/v2\/comments?post=36459"}],"version-history":[{"count":2,"href":"https:\/\/radiostudiow.com.br\/site\/wp-json\/wp\/v2\/posts\/36459\/revisions"}],"predecessor-version":[{"id":36462,"href":"https:\/\/radiostudiow.com.br\/site\/wp-json\/wp\/v2\/posts\/36459\/revisions\/36462"}],"wp:featuredmedia":[{"embeddable":true,"href":"https:\/\/radiostudiow.com.br\/site\/wp-json\/wp\/v2\/media\/36461"}],"wp:attachment":[{"href":"https:\/\/radiostudiow.com.br\/site\/wp-json\/wp\/v2\/media?parent=36459"}],"wp:term":[{"taxonomy":"category","embeddable":true,"href":"https:\/\/radiostudiow.com.br\/site\/wp-json\/wp\/v2\/categories?post=36459"},{"taxonomy":"post_tag","embeddable":true,"href":"https:\/\/radiostudiow.com.br\/site\/wp-json\/wp\/v2\/tags?post=36459"}],"curies":[{"name":"wp","href":"https:\/\/api.w.org\/{rel}","templated":true}]}}