{"id":36494,"date":"2025-04-05T09:06:11","date_gmt":"2025-04-05T12:06:11","guid":{"rendered":"https:\/\/radiostudiow.com.br\/site\/?p=36494"},"modified":"2025-04-05T09:06:11","modified_gmt":"2025-04-05T12:06:11","slug":"suspeito-de-estupro-de-vulneravel-e-preso-em-porto-uniao","status":"publish","type":"post","link":"https:\/\/radiostudiow.com.br\/site\/2025\/04\/05\/suspeito-de-estupro-de-vulneravel-e-preso-em-porto-uniao\/","title":{"rendered":"Suspeito de estupro de vulner\u00e1vel \u00e9 preso em Porto Uni\u00e3o"},"content":{"rendered":"\n<p>Na manh\u00e3 desta sexta-feira, 4, a\u00a0Pol\u00edcia Civil de Porto Uni\u00e3o, por meio das delegacias DPCAMI e DIC, cumpriu um mandado de pris\u00e3o preventiva contra um homem suspeito de estupro de vulner\u00e1vel. A ordem foi expedida pela Vara Criminal de Porto Uni\u00e3o.<\/p>\n\n\n\n<figure class=\"wp-block-image size-full\"><img loading=\"lazy\" decoding=\"async\" width=\"897\" height=\"204\" src=\"https:\/\/radiostudiow.com.br\/site\/wp-content\/uploads\/2025\/03\/image-62.png\" alt=\"\" class=\"wp-image-35859\" srcset=\"https:\/\/radiostudiow.com.br\/site\/wp-content\/uploads\/2025\/03\/image-62.png 897w, https:\/\/radiostudiow.com.br\/site\/wp-content\/uploads\/2025\/03\/image-62-300x68.png 300w, https:\/\/radiostudiow.com.br\/site\/wp-content\/uploads\/2025\/03\/image-62-768x175.png 768w\" sizes=\"auto, (max-width: 897px) 100vw, 897px\" \/><\/figure>\n\n\n\n<p>Ap\u00f3s tomar conhecimento do caso, a Pol\u00edcia Civil iniciou dilig\u00eancias imediatas. Em conjunto com o Minist\u00e9rio P\u00fablico, foi solicitada a pris\u00e3o preventiva do investigado, al\u00e9m de mandado de busca e apreens\u00e3o domiciliar \u2014 ambos deferidos pelo Poder Judici\u00e1rio.<\/p>\n\n\n\n<p>Segundo as investiga\u00e7\u00f5es, os abusos ocorreram ao longo de v\u00e1rios anos, entre os 5 e 17 anos da v\u00edtima.<\/p>\n\n\n\n<p>A pris\u00e3o foi realizada na zona rural de Porto Uni\u00e3o. O suspeito (que n\u00e3o teve o nome divugado) foi encaminhado ao pres\u00eddio da regi\u00e3o, onde permanecer\u00e1 \u00e0 disposi\u00e7\u00e3o da Justi\u00e7a.<\/p>\n","protected":false},"excerpt":{"rendered":"<p>Na manh\u00e3 desta sexta-feira, 4, a\u00a0Pol\u00edcia Civil de Porto Uni\u00e3o, por meio das delegacias DPCAMI e DIC, cumpriu um mandado de pris\u00e3o preventiva contra um homem suspeito de estupro de vulner\u00e1vel. A ordem foi expedida pela Vara Criminal de Porto Uni\u00e3o. Ap\u00f3s tomar conhecimento do caso, a Pol\u00edcia Civil iniciou dilig\u00eancias imediatas. Em conjunto com [&hellip;]<\/p>\n","protected":false},"author":2,"featured_media":36518,"comment_status":"open","ping_status":"open","sticky":false,"template":"","format":"standard","meta":{"footnotes":""},"categories":[2],"tags":[172],"class_list":["post-36494","post","type-post","status-publish","format-standard","has-post-thumbnail","hentry","category-policial","tag-featured"],"amp_enabled":true,"_links":{"self":[{"href":"https:\/\/radiostudiow.com.br\/site\/wp-json\/wp\/v2\/posts\/36494","targetHints":{"allow":["GET"]}}],"collection":[{"href":"https:\/\/radiostudiow.com.br\/site\/wp-json\/wp\/v2\/posts"}],"about":[{"href":"https:\/\/radiostudiow.com.br\/site\/wp-json\/wp\/v2\/types\/post"}],"author":[{"embeddable":true,"href":"https:\/\/radiostudiow.com.br\/site\/wp-json\/wp\/v2\/users\/2"}],"replies":[{"embeddable":true,"href":"https:\/\/radiostudiow.com.br\/site\/wp-json\/wp\/v2\/comments?post=36494"}],"version-history":[{"count":1,"href":"https:\/\/radiostudiow.com.br\/site\/wp-json\/wp\/v2\/posts\/36494\/revisions"}],"predecessor-version":[{"id":36519,"href":"https:\/\/radiostudiow.com.br\/site\/wp-json\/wp\/v2\/posts\/36494\/revisions\/36519"}],"wp:featuredmedia":[{"embeddable":true,"href":"https:\/\/radiostudiow.com.br\/site\/wp-json\/wp\/v2\/media\/36518"}],"wp:attachment":[{"href":"https:\/\/radiostudiow.com.br\/site\/wp-json\/wp\/v2\/media?parent=36494"}],"wp:term":[{"taxonomy":"category","embeddable":true,"href":"https:\/\/radiostudiow.com.br\/site\/wp-json\/wp\/v2\/categories?post=36494"},{"taxonomy":"post_tag","embeddable":true,"href":"https:\/\/radiostudiow.com.br\/site\/wp-json\/wp\/v2\/tags?post=36494"}],"curies":[{"name":"wp","href":"https:\/\/api.w.org\/{rel}","templated":true}]}}