{"id":36522,"date":"2025-04-05T11:10:41","date_gmt":"2025-04-05T14:10:41","guid":{"rendered":"https:\/\/radiostudiow.com.br\/site\/?p=36522"},"modified":"2025-04-05T11:10:41","modified_gmt":"2025-04-05T14:10:41","slug":"pm-de-uniao-da-vitoria-prendeu-homem-com-mandado-de-prisao-por-pensao-alimenticia","status":"publish","type":"post","link":"https:\/\/radiostudiow.com.br\/site\/2025\/04\/05\/pm-de-uniao-da-vitoria-prendeu-homem-com-mandado-de-prisao-por-pensao-alimenticia\/","title":{"rendered":"PM de Uni\u00e3o da Vit\u00f3ria prendeu homem com mandado de pris\u00e3o por pens\u00e3o aliment\u00edcia"},"content":{"rendered":"\n<p>A equipe da Pol\u00edcia Militar de Uni\u00e3o da Vit\u00f3ria realizava patrulhamento pelo bairro S\u00e3o Gabriel por volta das 02 horas dessa sexta-feira, 04 de abril, quando cumpriu mandado de pris\u00e3o.<\/p>\n\n\n\n<figure class=\"wp-block-image size-full\"><img loading=\"lazy\" decoding=\"async\" width=\"897\" height=\"204\" src=\"https:\/\/radiostudiow.com.br\/site\/wp-content\/uploads\/2025\/01\/SITE-GRANDE.png\" alt=\"\" class=\"wp-image-32809\" srcset=\"https:\/\/radiostudiow.com.br\/site\/wp-content\/uploads\/2025\/01\/SITE-GRANDE.png 897w, https:\/\/radiostudiow.com.br\/site\/wp-content\/uploads\/2025\/01\/SITE-GRANDE-300x68.png 300w, https:\/\/radiostudiow.com.br\/site\/wp-content\/uploads\/2025\/01\/SITE-GRANDE-768x175.png 768w\" sizes=\"auto, (max-width: 897px) 100vw, 897px\" \/><\/figure>\n\n\n\n<p>Os policiais avistaram um masculino transitando em via p\u00fablica, o suspeito foi acompanhado e abordado. Feita busca pessoal nada de il\u00edcito foi localizado, consultado em sistema foi constatado um mandado de pris\u00e3o civil em desfavor.<\/p>\n\n\n\n<p>Diante da situa\u00e7\u00e3o o autor foi conduzido ao DEPEN onde ficou a disposi\u00e7\u00e3o do poder judici\u00e1rio.<\/p>\n","protected":false},"excerpt":{"rendered":"<p>A equipe da Pol\u00edcia Militar de Uni\u00e3o da Vit\u00f3ria realizava patrulhamento pelo bairro S\u00e3o Gabriel por volta das 02 horas dessa sexta-feira, 04 de abril, quando cumpriu mandado de pris\u00e3o. Os policiais avistaram um masculino transitando em via p\u00fablica, o suspeito foi acompanhado e abordado. Feita busca pessoal nada de il\u00edcito foi localizado, consultado em [&hellip;]<\/p>\n","protected":false},"author":2,"featured_media":29518,"comment_status":"open","ping_status":"open","sticky":false,"template":"","format":"standard","meta":{"footnotes":""},"categories":[2],"tags":[172],"class_list":["post-36522","post","type-post","status-publish","format-standard","has-post-thumbnail","hentry","category-policial","tag-featured"],"amp_enabled":true,"_links":{"self":[{"href":"https:\/\/radiostudiow.com.br\/site\/wp-json\/wp\/v2\/posts\/36522","targetHints":{"allow":["GET"]}}],"collection":[{"href":"https:\/\/radiostudiow.com.br\/site\/wp-json\/wp\/v2\/posts"}],"about":[{"href":"https:\/\/radiostudiow.com.br\/site\/wp-json\/wp\/v2\/types\/post"}],"author":[{"embeddable":true,"href":"https:\/\/radiostudiow.com.br\/site\/wp-json\/wp\/v2\/users\/2"}],"replies":[{"embeddable":true,"href":"https:\/\/radiostudiow.com.br\/site\/wp-json\/wp\/v2\/comments?post=36522"}],"version-history":[{"count":2,"href":"https:\/\/radiostudiow.com.br\/site\/wp-json\/wp\/v2\/posts\/36522\/revisions"}],"predecessor-version":[{"id":36525,"href":"https:\/\/radiostudiow.com.br\/site\/wp-json\/wp\/v2\/posts\/36522\/revisions\/36525"}],"wp:featuredmedia":[{"embeddable":true,"href":"https:\/\/radiostudiow.com.br\/site\/wp-json\/wp\/v2\/media\/29518"}],"wp:attachment":[{"href":"https:\/\/radiostudiow.com.br\/site\/wp-json\/wp\/v2\/media?parent=36522"}],"wp:term":[{"taxonomy":"category","embeddable":true,"href":"https:\/\/radiostudiow.com.br\/site\/wp-json\/wp\/v2\/categories?post=36522"},{"taxonomy":"post_tag","embeddable":true,"href":"https:\/\/radiostudiow.com.br\/site\/wp-json\/wp\/v2\/tags?post=36522"}],"curies":[{"name":"wp","href":"https:\/\/api.w.org\/{rel}","templated":true}]}}