{"id":36526,"date":"2025-04-05T11:15:39","date_gmt":"2025-04-05T14:15:39","guid":{"rendered":"https:\/\/radiostudiow.com.br\/site\/?p=36526"},"modified":"2025-04-05T11:15:39","modified_gmt":"2025-04-05T14:15:39","slug":"pm-prende-homem-com-mandado-de-prisao-por-homicidio-em-general-carneiro","status":"publish","type":"post","link":"https:\/\/radiostudiow.com.br\/site\/2025\/04\/05\/pm-prende-homem-com-mandado-de-prisao-por-homicidio-em-general-carneiro\/","title":{"rendered":"PM prende homem com mandado de pris\u00e3o por homic\u00eddio em General Carneiro"},"content":{"rendered":"\n<p>A equipe da Pol\u00edcia Militar em opera\u00e7\u00e3o AIFU na cidade de General Carneiro, foi realizado abordagem em um bar na area central por volta das 19h23min dessa sexta-feira (04).<\/p>\n\n\n\n<figure class=\"wp-block-image size-full\"><img loading=\"lazy\" decoding=\"async\" width=\"598\" height=\"204\" src=\"https:\/\/radiostudiow.com.br\/site\/wp-content\/uploads\/2025\/01\/SITE-MEDIO.png\" alt=\"\" class=\"wp-image-32810\" srcset=\"https:\/\/radiostudiow.com.br\/site\/wp-content\/uploads\/2025\/01\/SITE-MEDIO.png 598w, https:\/\/radiostudiow.com.br\/site\/wp-content\/uploads\/2025\/01\/SITE-MEDIO-300x102.png 300w\" sizes=\"auto, (max-width: 598px) 100vw, 598px\" \/><\/figure>\n\n\n\n<p>Durante a realiza\u00e7\u00e3o de busca pessoal e identifica\u00e7\u00e3o dos abordados, foi poss\u00edvel identificar um ind\u00edviduos, com o qual nada de il\u00edcito foi encontrado, entretanto foi poss\u00edvel constatar em seu desfavor um mandado de pris\u00e3o em aberto expedido pelo Tribunal de Justi\u00e7a de Santa Catarina.<\/p>\n\n\n\n<p>Sendo assim, dada a situa\u00e7\u00e3o, a equipe ent\u00e3o deu voz de pris\u00e3o ao autor. Sendo encaminhado a UPA (Unidade Prisional Avan\u00e7ada) de Porto Uni\u00e3o &#8211; SC para as devidas provid\u00eancia.<\/p>\n","protected":false},"excerpt":{"rendered":"<p>A equipe da Pol\u00edcia Militar em opera\u00e7\u00e3o AIFU na cidade de General Carneiro, foi realizado abordagem em um bar na area central por volta das 19h23min dessa sexta-feira (04). Durante a realiza\u00e7\u00e3o de busca pessoal e identifica\u00e7\u00e3o dos abordados, foi poss\u00edvel identificar um ind\u00edviduos, com o qual nada de il\u00edcito foi encontrado, entretanto foi poss\u00edvel [&hellip;]<\/p>\n","protected":false},"author":2,"featured_media":15416,"comment_status":"open","ping_status":"open","sticky":false,"template":"","format":"standard","meta":{"footnotes":""},"categories":[2],"tags":[172],"class_list":["post-36526","post","type-post","status-publish","format-standard","has-post-thumbnail","hentry","category-policial","tag-featured"],"amp_enabled":true,"_links":{"self":[{"href":"https:\/\/radiostudiow.com.br\/site\/wp-json\/wp\/v2\/posts\/36526","targetHints":{"allow":["GET"]}}],"collection":[{"href":"https:\/\/radiostudiow.com.br\/site\/wp-json\/wp\/v2\/posts"}],"about":[{"href":"https:\/\/radiostudiow.com.br\/site\/wp-json\/wp\/v2\/types\/post"}],"author":[{"embeddable":true,"href":"https:\/\/radiostudiow.com.br\/site\/wp-json\/wp\/v2\/users\/2"}],"replies":[{"embeddable":true,"href":"https:\/\/radiostudiow.com.br\/site\/wp-json\/wp\/v2\/comments?post=36526"}],"version-history":[{"count":1,"href":"https:\/\/radiostudiow.com.br\/site\/wp-json\/wp\/v2\/posts\/36526\/revisions"}],"predecessor-version":[{"id":36527,"href":"https:\/\/radiostudiow.com.br\/site\/wp-json\/wp\/v2\/posts\/36526\/revisions\/36527"}],"wp:featuredmedia":[{"embeddable":true,"href":"https:\/\/radiostudiow.com.br\/site\/wp-json\/wp\/v2\/media\/15416"}],"wp:attachment":[{"href":"https:\/\/radiostudiow.com.br\/site\/wp-json\/wp\/v2\/media?parent=36526"}],"wp:term":[{"taxonomy":"category","embeddable":true,"href":"https:\/\/radiostudiow.com.br\/site\/wp-json\/wp\/v2\/categories?post=36526"},{"taxonomy":"post_tag","embeddable":true,"href":"https:\/\/radiostudiow.com.br\/site\/wp-json\/wp\/v2\/tags?post=36526"}],"curies":[{"name":"wp","href":"https:\/\/api.w.org\/{rel}","templated":true}]}}