{"id":36530,"date":"2025-04-05T11:21:20","date_gmt":"2025-04-05T14:21:20","guid":{"rendered":"https:\/\/radiostudiow.com.br\/site\/?p=36530"},"modified":"2025-04-05T11:22:16","modified_gmt":"2025-04-05T14:22:16","slug":"pcpr-prende-dois-homens-por-trafico-de-drogas-em-sao-mateus-do-sul","status":"publish","type":"post","link":"https:\/\/radiostudiow.com.br\/site\/2025\/04\/05\/pcpr-prende-dois-homens-por-trafico-de-drogas-em-sao-mateus-do-sul\/","title":{"rendered":"PCPR prende dois homens por tr\u00e1fico de drogas em S\u00e3o Mateus do Sul"},"content":{"rendered":"\n<p>A PCPR, por meio da 3\u00aa Subdivis\u00e3o Policial de S\u00e3o Mateus do Sul, prendeu dois masculinos, com 39 e 22 anos de idade, pelos delitos de tr\u00e1fico de drogas e associa\u00e7\u00e3o para o tr\u00e1fico de drogas.<\/p>\n\n\n\n<p>Ap\u00f3s dilig\u00eancias investigativas, constatou-se que os homens estavam transportando drogas do centro de S\u00e3o Mateus do Sul para serem revendidas no interior do munic\u00edpio.<\/p>\n\n\n\n<figure class=\"wp-block-image size-full\"><img loading=\"lazy\" decoding=\"async\" width=\"897\" height=\"204\" src=\"https:\/\/radiostudiow.com.br\/site\/wp-content\/uploads\/2025\/03\/SITE-GRANDE5.png\" alt=\"\" class=\"wp-image-35420\" srcset=\"https:\/\/radiostudiow.com.br\/site\/wp-content\/uploads\/2025\/03\/SITE-GRANDE5.png 897w, https:\/\/radiostudiow.com.br\/site\/wp-content\/uploads\/2025\/03\/SITE-GRANDE5-300x68.png 300w, https:\/\/radiostudiow.com.br\/site\/wp-content\/uploads\/2025\/03\/SITE-GRANDE5-768x175.png 768w\" sizes=\"auto, (max-width: 897px) 100vw, 897px\" \/><\/figure>\n\n\n\n<p>Assim, na tarde do dia 04 de abril de 2025, os policiais civis lograram \u00eaxito em abordar o ve\u00edculo dos suspeitos na localidade de Pontilh\u00e3o e localizar com eles a quantia de 50 gramas de coca\u00edna, R$ 342 em esp\u00e9cie e um telefone celular.<\/p>\n\n\n\n<p>Diante das circunst\u00e2ncias, os dois homens foram presos em flagrante pelos delitos de tr\u00e1fico de drogas e associa\u00e7\u00e3o para o tr\u00e1fico.<\/p>\n\n\n\n<p>A PCPR solicita o apoio da popula\u00e7\u00e3o para novas den\u00fancias que auxiliem na investiga\u00e7\u00e3o de tr\u00e1fico de drogas. As den\u00fancias podem ser feitas de forma an\u00f4nima pelo WhatsApp (42) 3532-3190 ou pelo Disque-Den\u00fancia 181.<\/p>\n\n\n\n<p><em><strong>Fonte Pol\u00edcia Civil<\/strong><\/em><\/p>\n","protected":false},"excerpt":{"rendered":"<p>A PCPR, por meio da 3\u00aa Subdivis\u00e3o Policial de S\u00e3o Mateus do Sul, prendeu dois masculinos, com 39 e 22 anos de idade, pelos delitos de tr\u00e1fico de drogas e associa\u00e7\u00e3o para o tr\u00e1fico de drogas. Ap\u00f3s dilig\u00eancias investigativas, constatou-se que os homens estavam transportando drogas do centro de S\u00e3o Mateus do Sul para serem [&hellip;]<\/p>\n","protected":false},"author":2,"featured_media":36531,"comment_status":"open","ping_status":"open","sticky":false,"template":"","format":"standard","meta":{"footnotes":""},"categories":[7],"tags":[],"class_list":["post-36530","post","type-post","status-publish","format-standard","has-post-thumbnail","hentry","category-geral"],"amp_enabled":true,"_links":{"self":[{"href":"https:\/\/radiostudiow.com.br\/site\/wp-json\/wp\/v2\/posts\/36530","targetHints":{"allow":["GET"]}}],"collection":[{"href":"https:\/\/radiostudiow.com.br\/site\/wp-json\/wp\/v2\/posts"}],"about":[{"href":"https:\/\/radiostudiow.com.br\/site\/wp-json\/wp\/v2\/types\/post"}],"author":[{"embeddable":true,"href":"https:\/\/radiostudiow.com.br\/site\/wp-json\/wp\/v2\/users\/2"}],"replies":[{"embeddable":true,"href":"https:\/\/radiostudiow.com.br\/site\/wp-json\/wp\/v2\/comments?post=36530"}],"version-history":[{"count":2,"href":"https:\/\/radiostudiow.com.br\/site\/wp-json\/wp\/v2\/posts\/36530\/revisions"}],"predecessor-version":[{"id":36534,"href":"https:\/\/radiostudiow.com.br\/site\/wp-json\/wp\/v2\/posts\/36530\/revisions\/36534"}],"wp:featuredmedia":[{"embeddable":true,"href":"https:\/\/radiostudiow.com.br\/site\/wp-json\/wp\/v2\/media\/36531"}],"wp:attachment":[{"href":"https:\/\/radiostudiow.com.br\/site\/wp-json\/wp\/v2\/media?parent=36530"}],"wp:term":[{"taxonomy":"category","embeddable":true,"href":"https:\/\/radiostudiow.com.br\/site\/wp-json\/wp\/v2\/categories?post=36530"},{"taxonomy":"post_tag","embeddable":true,"href":"https:\/\/radiostudiow.com.br\/site\/wp-json\/wp\/v2\/tags?post=36530"}],"curies":[{"name":"wp","href":"https:\/\/api.w.org\/{rel}","templated":true}]}}