{"id":36538,"date":"2025-04-05T11:32:02","date_gmt":"2025-04-05T14:32:02","guid":{"rendered":"https:\/\/radiostudiow.com.br\/site\/?p=36538"},"modified":"2025-04-05T11:32:03","modified_gmt":"2025-04-05T14:32:03","slug":"pai-se-queima-ao-salvar-filho-em-chamas-e-familia-pede-ajuda-em-bituruna","status":"publish","type":"post","link":"https:\/\/radiostudiow.com.br\/site\/2025\/04\/05\/pai-se-queima-ao-salvar-filho-em-chamas-e-familia-pede-ajuda-em-bituruna\/","title":{"rendered":"Pai se queima ao salvar filho em chamas e fam\u00edlia pede ajuda em Bituruna"},"content":{"rendered":"\n<p>Em um daqueles momentos em que a vida muda para sempre, o instinto de um pai falou mais alto que o medo, a dor ou qualquer hesita\u00e7\u00e3o.<\/p>\n\n\n\n<p>No dia 31 de mar\u00e7o de 2025, em Bituruna, um ato de amor extremo comoveu toda a comunidade: Crystyano Raimundo De Paula\u00a0n\u00e3o pensou duas vezes ao ver seu filho,\u00a0Junior, de apenas 15 anos, em chamas ap\u00f3s um surto depressivo.<\/p>\n\n\n\n<p>Ele correu e se lan\u00e7ou sobre o filho para apagar o fogo \u2014 e, no processo, tamb\u00e9m se queimou gravemente.<\/p>\n\n\n\n<figure class=\"wp-block-image size-full\"><img loading=\"lazy\" decoding=\"async\" width=\"897\" height=\"204\" src=\"https:\/\/radiostudiow.com.br\/site\/wp-content\/uploads\/2025\/01\/SITE-GRANDE2.png\" alt=\"\" class=\"wp-image-32805\" srcset=\"https:\/\/radiostudiow.com.br\/site\/wp-content\/uploads\/2025\/01\/SITE-GRANDE2.png 897w, https:\/\/radiostudiow.com.br\/site\/wp-content\/uploads\/2025\/01\/SITE-GRANDE2-300x68.png 300w, https:\/\/radiostudiow.com.br\/site\/wp-content\/uploads\/2025\/01\/SITE-GRANDE2-768x175.png 768w\" sizes=\"auto, (max-width: 897px) 100vw, 897px\" \/><\/figure>\n\n\n\n<p>J\u00fanior, como \u00e9 chamado pela fam\u00edlia, teve mais de 90% do corpo queimado.\u00a0O\u00a0pai, ao tentar salv\u00e1-lo, sofreu queimaduras em mais de 30% da superf\u00edcie corporal.<\/p>\n\n\n\n<p>Ambos foram transferidos \u00e0s pressas para o Hospital Evang\u00e9lico, refer\u00eancia em tratamento de queimados, em Curitiba \u2014 a mais de 300 km da cidade natal da fam\u00edlia.<\/p>\n\n\n\n<p>O estado de sa\u00fade de J\u00fanior segue grav\u00edssimo, e pai e filho continuam internados, em estado que inspira cuidados intensivos.\u00a0O caso gerou como\u00e7\u00e3o e mobilizou a cidade de Bituruna, mas as necessidades da fam\u00edlia v\u00e3o al\u00e9m do emocional.<\/p>\n\n\n\n<p>Profissionais aut\u00f4nomos, Cristiano e sua esposa agora enfrentam um cen\u00e1rio ainda mais desafiador:\u00a0sem condi\u00e7\u00f5es de trabalhar, longe de casa e com dois filhos menores para cuidar, precisam de apoio financeiro para continuar lutando por J\u00fanior, por Crystyano e pela pr\u00f3pria sobreviv\u00eancia.<\/p>\n\n\n\n<figure class=\"wp-block-image size-full\"><img loading=\"lazy\" decoding=\"async\" width=\"900\" height=\"408\" src=\"https:\/\/radiostudiow.com.br\/site\/wp-content\/uploads\/2025\/03\/SITE-E-TV-1.png\" alt=\"\" class=\"wp-image-35744\" srcset=\"https:\/\/radiostudiow.com.br\/site\/wp-content\/uploads\/2025\/03\/SITE-E-TV-1.png 900w, https:\/\/radiostudiow.com.br\/site\/wp-content\/uploads\/2025\/03\/SITE-E-TV-1-300x136.png 300w, https:\/\/radiostudiow.com.br\/site\/wp-content\/uploads\/2025\/03\/SITE-E-TV-1-768x348.png 768w\" sizes=\"auto, (max-width: 900px) 100vw, 900px\" \/><\/figure>\n\n\n\n<p>Uma campanha solid\u00e1ria foi criada com o objetivo de arrecadar fundos que ajudem nas despesas com transporte, alimenta\u00e7\u00e3o, hospedagem e no sustento da fam\u00edlia enquanto n\u00e3o podem voltar \u00e0 rotina de trabalho.<\/p>\n\n\n\n<p>Mais do que uma vaquinha, \u00e9 um apelo por empatia e solidariedade. A dor dessa fam\u00edlia \u00e9 imensur\u00e1vel, mas o amor tamb\u00e9m \u00e9 \u2014 e com apoio, eles podem continuar acreditando na recupera\u00e7\u00e3o e no recome\u00e7o.<\/p>\n\n\n\n<p><strong><em>Link da vaquinha:\u00a0<a href=\"https:\/\/www.vakinha.com.br\/vaquinha\/todos-pelo-cristiano-e-pelo-junior?fbclid=IwY2xjawJd-B5leHRuA2FlbQIxMQABHonn2zPltoDYmfi3RcxCjNvPgzOSm6Qvg3wgBBIXWdHTwPKw7mp_uSGJ2Z-9_aem_NpXOLpZQAvNM_7WrUoFTww\" target=\"_blank\" rel=\"noreferrer noopener\">Todos pelo Cristiano e pelo J\u00fanior<\/a><\/em><\/strong>\/<strong><em>Com informa\u00e7\u00f5es VVale<\/em><\/strong><\/p>\n","protected":false},"excerpt":{"rendered":"<p>Em um daqueles momentos em que a vida muda para sempre, o instinto de um pai falou mais alto que o medo, a dor ou qualquer hesita\u00e7\u00e3o. No dia 31 de mar\u00e7o de 2025, em Bituruna, um ato de amor extremo comoveu toda a comunidade: Crystyano Raimundo De Paula\u00a0n\u00e3o pensou duas vezes ao ver seu [&hellip;]<\/p>\n","protected":false},"author":2,"featured_media":36540,"comment_status":"open","ping_status":"open","sticky":false,"template":"","format":"standard","meta":{"footnotes":""},"categories":[2],"tags":[172],"class_list":["post-36538","post","type-post","status-publish","format-standard","has-post-thumbnail","hentry","category-policial","tag-featured"],"amp_enabled":true,"_links":{"self":[{"href":"https:\/\/radiostudiow.com.br\/site\/wp-json\/wp\/v2\/posts\/36538","targetHints":{"allow":["GET"]}}],"collection":[{"href":"https:\/\/radiostudiow.com.br\/site\/wp-json\/wp\/v2\/posts"}],"about":[{"href":"https:\/\/radiostudiow.com.br\/site\/wp-json\/wp\/v2\/types\/post"}],"author":[{"embeddable":true,"href":"https:\/\/radiostudiow.com.br\/site\/wp-json\/wp\/v2\/users\/2"}],"replies":[{"embeddable":true,"href":"https:\/\/radiostudiow.com.br\/site\/wp-json\/wp\/v2\/comments?post=36538"}],"version-history":[{"count":2,"href":"https:\/\/radiostudiow.com.br\/site\/wp-json\/wp\/v2\/posts\/36538\/revisions"}],"predecessor-version":[{"id":36541,"href":"https:\/\/radiostudiow.com.br\/site\/wp-json\/wp\/v2\/posts\/36538\/revisions\/36541"}],"wp:featuredmedia":[{"embeddable":true,"href":"https:\/\/radiostudiow.com.br\/site\/wp-json\/wp\/v2\/media\/36540"}],"wp:attachment":[{"href":"https:\/\/radiostudiow.com.br\/site\/wp-json\/wp\/v2\/media?parent=36538"}],"wp:term":[{"taxonomy":"category","embeddable":true,"href":"https:\/\/radiostudiow.com.br\/site\/wp-json\/wp\/v2\/categories?post=36538"},{"taxonomy":"post_tag","embeddable":true,"href":"https:\/\/radiostudiow.com.br\/site\/wp-json\/wp\/v2\/tags?post=36538"}],"curies":[{"name":"wp","href":"https:\/\/api.w.org\/{rel}","templated":true}]}}