{"id":36545,"date":"2025-04-06T17:44:43","date_gmt":"2025-04-06T20:44:43","guid":{"rendered":"https:\/\/radiostudiow.com.br\/site\/?p=36545"},"modified":"2025-04-06T17:44:43","modified_gmt":"2025-04-06T20:44:43","slug":"fim-de-semana-registra-dois-incendios-em-residencias-na-regiao-casas-foram-totalmente-destruidas","status":"publish","type":"post","link":"https:\/\/radiostudiow.com.br\/site\/2025\/04\/06\/fim-de-semana-registra-dois-incendios-em-residencias-na-regiao-casas-foram-totalmente-destruidas\/","title":{"rendered":"Fim de semana registra dois inc\u00eandios em resid\u00eancias na regi\u00e3o; casas foram totalmente destru\u00eddas"},"content":{"rendered":"\n<p><\/p>\n\n\n\n<p>Duas resid\u00eancias foram consumidas pelo fogo em diferentes munic\u00edpios da regi\u00e3o durante o fim de semana. Apesar da gravidade das ocorr\u00eancias, n\u00e3o houve registro de feridos em nenhuma das situa\u00e7\u00f5es.<\/p>\n\n\n\n<p><\/p>\n\n\n\n<figure class=\"wp-block-image size-full\"><img loading=\"lazy\" decoding=\"async\" width=\"897\" height=\"204\" src=\"https:\/\/radiostudiow.com.br\/site\/wp-content\/uploads\/2025\/03\/image-62.png\" alt=\"\" class=\"wp-image-35859\" srcset=\"https:\/\/radiostudiow.com.br\/site\/wp-content\/uploads\/2025\/03\/image-62.png 897w, https:\/\/radiostudiow.com.br\/site\/wp-content\/uploads\/2025\/03\/image-62-300x68.png 300w, https:\/\/radiostudiow.com.br\/site\/wp-content\/uploads\/2025\/03\/image-62-768x175.png 768w\" sizes=\"auto, (max-width: 897px) 100vw, 897px\" \/><\/figure>\n\n\n\n<p><\/p>\n\n\n\n<p>O primeiro caso foi registrado na localidade da 5\u00aa Vicinal Vit\u00f3ria, no munic\u00edpio de Cruz Machado (PR). Uma casa, que tamb\u00e9m funcionava como ponto comercial h\u00e1 muitos anos, foi completamente destru\u00edda pelas chamas. As causas do inc\u00eandio ainda n\u00e3o foram esclarecidas. N\u00e3o h\u00e1 informa\u00e7\u00f5es sobre v\u00edtimas.<\/p>\n\n\n\n<figure class=\"wp-block-image size-full\"><img loading=\"lazy\" decoding=\"async\" width=\"348\" height=\"373\" src=\"https:\/\/radiostudiow.com.br\/site\/wp-content\/uploads\/2025\/04\/inc-01.jpg\" alt=\"\" class=\"wp-image-36548\" srcset=\"https:\/\/radiostudiow.com.br\/site\/wp-content\/uploads\/2025\/04\/inc-01.jpg 348w, https:\/\/radiostudiow.com.br\/site\/wp-content\/uploads\/2025\/04\/inc-01-280x300.jpg 280w\" sizes=\"auto, (max-width: 348px) 100vw, 348px\" \/><\/figure>\n\n\n\n<p><\/p>\n\n\n\n<p>J\u00e1 na manh\u00e3 deste domingo (06), outro inc\u00eandio destruiu uma casa de madeira no bairro S\u00e3o Bas\u00edlio Magno, em Uni\u00e3o da Vit\u00f3ria. Segundo informa\u00e7\u00f5es apuradas no local, o im\u00f3vel estava desocupado e vinha sendo utilizado eventualmente por moradores de rua. O Corpo de Bombeiros de Uni\u00e3o da Vit\u00f3ria foi acionado e conteve as chamas. Ningu\u00e9m se feriu.<\/p>\n\n\n\n<p>As autoridades investigam as poss\u00edveis causas dos dois inc\u00eandios.<\/p>\n\n\n\n<figure class=\"wp-block-image size-full\"><img loading=\"lazy\" decoding=\"async\" width=\"447\" height=\"378\" src=\"https:\/\/radiostudiow.com.br\/site\/wp-content\/uploads\/2025\/04\/inc-02.jpg\" alt=\"\" class=\"wp-image-36549\" srcset=\"https:\/\/radiostudiow.com.br\/site\/wp-content\/uploads\/2025\/04\/inc-02.jpg 447w, https:\/\/radiostudiow.com.br\/site\/wp-content\/uploads\/2025\/04\/inc-02-300x254.jpg 300w\" sizes=\"auto, (max-width: 447px) 100vw, 447px\" \/><\/figure>\n\n\n\n<figure class=\"wp-block-image size-full\"><img loading=\"lazy\" decoding=\"async\" width=\"897\" height=\"204\" src=\"https:\/\/radiostudiow.com.br\/site\/wp-content\/uploads\/2025\/03\/BARAO-NOVO-NOTICIAS-1.jpg\" alt=\"\" class=\"wp-image-35084\" srcset=\"https:\/\/radiostudiow.com.br\/site\/wp-content\/uploads\/2025\/03\/BARAO-NOVO-NOTICIAS-1.jpg 897w, https:\/\/radiostudiow.com.br\/site\/wp-content\/uploads\/2025\/03\/BARAO-NOVO-NOTICIAS-1-300x68.jpg 300w, https:\/\/radiostudiow.com.br\/site\/wp-content\/uploads\/2025\/03\/BARAO-NOVO-NOTICIAS-1-768x175.jpg 768w\" sizes=\"auto, (max-width: 897px) 100vw, 897px\" \/><\/figure>\n\n\n\n<p><\/p>\n\n\n\n<p>Informa\u00e7\u00f5es: Ass\u00eds o Reporter\/Portal VVale<\/p>\n","protected":false},"excerpt":{"rendered":"<p>Duas resid\u00eancias foram consumidas pelo fogo em diferentes munic\u00edpios da regi\u00e3o durante o fim de semana. Apesar da gravidade das ocorr\u00eancias, n\u00e3o houve registro de feridos em nenhuma das situa\u00e7\u00f5es. O primeiro caso foi registrado na localidade da 5\u00aa Vicinal Vit\u00f3ria, no munic\u00edpio de Cruz Machado (PR). Uma casa, que tamb\u00e9m funcionava como ponto comercial [&hellip;]<\/p>\n","protected":false},"author":2,"featured_media":36551,"comment_status":"open","ping_status":"open","sticky":false,"template":"","format":"standard","meta":{"footnotes":""},"categories":[185],"tags":[172],"class_list":["post-36545","post","type-post","status-publish","format-standard","has-post-thumbnail","hentry","category-regional","tag-featured"],"amp_enabled":true,"_links":{"self":[{"href":"https:\/\/radiostudiow.com.br\/site\/wp-json\/wp\/v2\/posts\/36545","targetHints":{"allow":["GET"]}}],"collection":[{"href":"https:\/\/radiostudiow.com.br\/site\/wp-json\/wp\/v2\/posts"}],"about":[{"href":"https:\/\/radiostudiow.com.br\/site\/wp-json\/wp\/v2\/types\/post"}],"author":[{"embeddable":true,"href":"https:\/\/radiostudiow.com.br\/site\/wp-json\/wp\/v2\/users\/2"}],"replies":[{"embeddable":true,"href":"https:\/\/radiostudiow.com.br\/site\/wp-json\/wp\/v2\/comments?post=36545"}],"version-history":[{"count":1,"href":"https:\/\/radiostudiow.com.br\/site\/wp-json\/wp\/v2\/posts\/36545\/revisions"}],"predecessor-version":[{"id":36552,"href":"https:\/\/radiostudiow.com.br\/site\/wp-json\/wp\/v2\/posts\/36545\/revisions\/36552"}],"wp:featuredmedia":[{"embeddable":true,"href":"https:\/\/radiostudiow.com.br\/site\/wp-json\/wp\/v2\/media\/36551"}],"wp:attachment":[{"href":"https:\/\/radiostudiow.com.br\/site\/wp-json\/wp\/v2\/media?parent=36545"}],"wp:term":[{"taxonomy":"category","embeddable":true,"href":"https:\/\/radiostudiow.com.br\/site\/wp-json\/wp\/v2\/categories?post=36545"},{"taxonomy":"post_tag","embeddable":true,"href":"https:\/\/radiostudiow.com.br\/site\/wp-json\/wp\/v2\/tags?post=36545"}],"curies":[{"name":"wp","href":"https:\/\/api.w.org\/{rel}","templated":true}]}}