{"id":36546,"date":"2025-04-06T17:58:31","date_gmt":"2025-04-06T20:58:31","guid":{"rendered":"https:\/\/radiostudiow.com.br\/site\/?p=36546"},"modified":"2025-04-06T17:58:32","modified_gmt":"2025-04-06T20:58:32","slug":"veiculo-parte-ao-meio-em-acidente-na-br-476-entre-sao-mateus-do-sul-e-lapa","status":"publish","type":"post","link":"https:\/\/radiostudiow.com.br\/site\/2025\/04\/06\/veiculo-parte-ao-meio-em-acidente-na-br-476-entre-sao-mateus-do-sul-e-lapa\/","title":{"rendered":"Ve\u00edculo parte ao meio em acidente na BR-476 entre S\u00e3o Mateus do Sul e Lapa"},"content":{"rendered":"\n<p><\/p>\n\n\n\n<p><strong>Um grave acidente foi registrado na tarde deste s\u00e1bado (05), na BR-476, no trecho entre os munic\u00edpios de Lapa e S\u00e3o Mateus do Sul.<\/strong><\/p>\n\n\n\n<p>A colis\u00e3o envolveu uma carreta, um Fiat\/Uno e um VW\/Gol, e deixou cenas impressionantes:&nbsp;<strong>um dos ve\u00edculos chegou a partir ao meio com a for\u00e7a do impacto.<\/strong><\/p>\n\n\n\n<figure class=\"wp-block-image size-full\"><img loading=\"lazy\" decoding=\"async\" width=\"513\" height=\"423\" src=\"https:\/\/radiostudiow.com.br\/site\/wp-content\/uploads\/2025\/04\/Captura-de-tela-2025-04-05-205125.png\" alt=\"\" class=\"wp-image-36553\" srcset=\"https:\/\/radiostudiow.com.br\/site\/wp-content\/uploads\/2025\/04\/Captura-de-tela-2025-04-05-205125.png 513w, https:\/\/radiostudiow.com.br\/site\/wp-content\/uploads\/2025\/04\/Captura-de-tela-2025-04-05-205125-300x247.png 300w\" sizes=\"auto, (max-width: 513px) 100vw, 513px\" \/><\/figure>\n\n\n\n<figure class=\"wp-block-image size-full\"><img loading=\"lazy\" decoding=\"async\" width=\"897\" height=\"204\" src=\"https:\/\/radiostudiow.com.br\/site\/wp-content\/uploads\/2025\/03\/SITE-GRANDE5.png\" alt=\"\" class=\"wp-image-35420\" srcset=\"https:\/\/radiostudiow.com.br\/site\/wp-content\/uploads\/2025\/03\/SITE-GRANDE5.png 897w, https:\/\/radiostudiow.com.br\/site\/wp-content\/uploads\/2025\/03\/SITE-GRANDE5-300x68.png 300w, https:\/\/radiostudiow.com.br\/site\/wp-content\/uploads\/2025\/03\/SITE-GRANDE5-768x175.png 768w\" sizes=\"auto, (max-width: 897px) 100vw, 897px\" \/><\/figure>\n\n\n\n<p><\/p>\n\n\n\n<p>Apesar da gravidade da batida, o motorista do Gol sobreviveu e foi socorrido com vida, apresentando algumas les\u00f5es.<\/p>\n\n\n\n<p>De acordo com os socorristas que atenderam a ocorr\u00eancia, ele estava consciente no momento do resgate.\u00a0<strong>O estado em que o ve\u00edculo ficou ap\u00f3s o acidente chocou quem passava pelo local.<\/strong><\/p>\n\n\n\n<p><strong>\u201cFoi um milagre\u201d<\/strong>, afirmou uma das pessoas que presenciou o acidente e acompanhou o atendimento das equipes.&nbsp;<strong>As imagens do local mostram a viol\u00eancia da colis\u00e3o e a destrui\u00e7\u00e3o dos ve\u00edculos envolvidos.<\/strong><\/p>\n\n\n\n<p>A din\u00e2mica exata do acidente ainda est\u00e1 sendo apurada pelas autoridades. As circunst\u00e2ncias da batida n\u00e3o foram totalmente esclarecidas, mas a cena refor\u00e7a o alerta sobre os riscos na rodovia, que j\u00e1 \u00e9 conhecida pelo alto \u00edndice de acidentes graves.<\/p>\n\n\n\n<p>O tr\u00e2nsito na regi\u00e3o ficou parcialmente interditado durante o atendimento da ocorr\u00eancia e a retirada dos ve\u00edculos.<\/p>\n\n\n\n<p>Informa\u00e7\u00f5es: VVale<\/p>\n\n\n\n<figure class=\"wp-block-image size-full\"><img loading=\"lazy\" decoding=\"async\" width=\"897\" height=\"204\" src=\"https:\/\/radiostudiow.com.br\/site\/wp-content\/uploads\/2025\/02\/SITE-GRANDE7.png\" alt=\"\" class=\"wp-image-33861\" srcset=\"https:\/\/radiostudiow.com.br\/site\/wp-content\/uploads\/2025\/02\/SITE-GRANDE7.png 897w, https:\/\/radiostudiow.com.br\/site\/wp-content\/uploads\/2025\/02\/SITE-GRANDE7-300x68.png 300w, https:\/\/radiostudiow.com.br\/site\/wp-content\/uploads\/2025\/02\/SITE-GRANDE7-768x175.png 768w\" sizes=\"auto, (max-width: 897px) 100vw, 897px\" \/><\/figure>\n","protected":false},"excerpt":{"rendered":"<p>Um grave acidente foi registrado na tarde deste s\u00e1bado (05), na BR-476, no trecho entre os munic\u00edpios de Lapa e S\u00e3o Mateus do Sul. A colis\u00e3o envolveu uma carreta, um Fiat\/Uno e um VW\/Gol, e deixou cenas impressionantes:&nbsp;um dos ve\u00edculos chegou a partir ao meio com a for\u00e7a do impacto. Apesar da gravidade da batida, [&hellip;]<\/p>\n","protected":false},"author":2,"featured_media":36554,"comment_status":"open","ping_status":"open","sticky":false,"template":"","format":"standard","meta":{"footnotes":""},"categories":[7,185],"tags":[172],"class_list":["post-36546","post","type-post","status-publish","format-standard","has-post-thumbnail","hentry","category-geral","category-regional","tag-featured"],"amp_enabled":true,"_links":{"self":[{"href":"https:\/\/radiostudiow.com.br\/site\/wp-json\/wp\/v2\/posts\/36546","targetHints":{"allow":["GET"]}}],"collection":[{"href":"https:\/\/radiostudiow.com.br\/site\/wp-json\/wp\/v2\/posts"}],"about":[{"href":"https:\/\/radiostudiow.com.br\/site\/wp-json\/wp\/v2\/types\/post"}],"author":[{"embeddable":true,"href":"https:\/\/radiostudiow.com.br\/site\/wp-json\/wp\/v2\/users\/2"}],"replies":[{"embeddable":true,"href":"https:\/\/radiostudiow.com.br\/site\/wp-json\/wp\/v2\/comments?post=36546"}],"version-history":[{"count":1,"href":"https:\/\/radiostudiow.com.br\/site\/wp-json\/wp\/v2\/posts\/36546\/revisions"}],"predecessor-version":[{"id":36555,"href":"https:\/\/radiostudiow.com.br\/site\/wp-json\/wp\/v2\/posts\/36546\/revisions\/36555"}],"wp:featuredmedia":[{"embeddable":true,"href":"https:\/\/radiostudiow.com.br\/site\/wp-json\/wp\/v2\/media\/36554"}],"wp:attachment":[{"href":"https:\/\/radiostudiow.com.br\/site\/wp-json\/wp\/v2\/media?parent=36546"}],"wp:term":[{"taxonomy":"category","embeddable":true,"href":"https:\/\/radiostudiow.com.br\/site\/wp-json\/wp\/v2\/categories?post=36546"},{"taxonomy":"post_tag","embeddable":true,"href":"https:\/\/radiostudiow.com.br\/site\/wp-json\/wp\/v2\/tags?post=36546"}],"curies":[{"name":"wp","href":"https:\/\/api.w.org\/{rel}","templated":true}]}}