{"id":36547,"date":"2025-04-06T18:08:11","date_gmt":"2025-04-06T21:08:11","guid":{"rendered":"https:\/\/radiostudiow.com.br\/site\/?p=36547"},"modified":"2025-04-06T18:08:12","modified_gmt":"2025-04-06T21:08:12","slug":"carreta-de-combustivel-explode-deixa-rastro-de-fogo-e-interdita-morro-dos-cavalos-na-br-101-em-palhoca","status":"publish","type":"post","link":"https:\/\/radiostudiow.com.br\/site\/2025\/04\/06\/carreta-de-combustivel-explode-deixa-rastro-de-fogo-e-interdita-morro-dos-cavalos-na-br-101-em-palhoca\/","title":{"rendered":"Carreta de combust\u00edvel explode, deixa rastro de fogo e interdita Morro dos Cavalos na BR-101 em Palho\u00e7a"},"content":{"rendered":"\n<p><\/p>\n\n\n\n<figure class=\"wp-block-image size-full\"><img decoding=\"async\" src=\"https:\/\/radiostudiow.com.br\/site\/wp-content\/uploads\/2022\/05\/NUTRI-MALLET.jpg\" alt=\"\" class=\"wp-image-7282\"\/><\/figure>\n\n\n\n<p>Uma carreta carregada de combust\u00edvel tombou no Km 233 da BR-101, sentido Sul, em Palho\u00e7a, na Grande Florian\u00f3polis, no in\u00edcio da tarde deste domingo (6). <\/p>\n\n\n\n<p>Com o acidente, que aconteceu na altura do Morro dos Cavalos, a carga explodiu e pegou fogo.<\/p>\n\n\n\n<p><\/p>\n\n\n\n<figure class=\"wp-block-image size-large\"><img loading=\"lazy\" decoding=\"async\" width=\"1024\" height=\"576\" src=\"https:\/\/radiostudiow.com.br\/site\/wp-content\/uploads\/2025\/04\/Carreta-tomba-e-pega-fogo-Morro-dos-Cavalos-8-1024x576.jpg\" alt=\"\" class=\"wp-image-36556\" srcset=\"https:\/\/radiostudiow.com.br\/site\/wp-content\/uploads\/2025\/04\/Carreta-tomba-e-pega-fogo-Morro-dos-Cavalos-8-1024x576.jpg 1024w, https:\/\/radiostudiow.com.br\/site\/wp-content\/uploads\/2025\/04\/Carreta-tomba-e-pega-fogo-Morro-dos-Cavalos-8-300x169.jpg 300w, https:\/\/radiostudiow.com.br\/site\/wp-content\/uploads\/2025\/04\/Carreta-tomba-e-pega-fogo-Morro-dos-Cavalos-8-768x432.jpg 768w, https:\/\/radiostudiow.com.br\/site\/wp-content\/uploads\/2025\/04\/Carreta-tomba-e-pega-fogo-Morro-dos-Cavalos-8.jpg 1200w\" sizes=\"auto, (max-width: 1024px) 100vw, 1024px\" \/><\/figure>\n\n\n\n<figure class=\"wp-block-image size-full\"><img loading=\"lazy\" decoding=\"async\" width=\"897\" height=\"204\" src=\"https:\/\/radiostudiow.com.br\/site\/wp-content\/uploads\/2025\/01\/SITE-GRANDE3.png\" alt=\"\" class=\"wp-image-32900\" srcset=\"https:\/\/radiostudiow.com.br\/site\/wp-content\/uploads\/2025\/01\/SITE-GRANDE3.png 897w, https:\/\/radiostudiow.com.br\/site\/wp-content\/uploads\/2025\/01\/SITE-GRANDE3-300x68.png 300w, https:\/\/radiostudiow.com.br\/site\/wp-content\/uploads\/2025\/01\/SITE-GRANDE3-768x175.png 768w\" sizes=\"auto, (max-width: 897px) 100vw, 897px\" \/><\/figure>\n\n\n\n<p>Segundo a Pol\u00edcia Rodovi\u00e1ria Federal, o tr\u00e2nsito est\u00e1 totalmente interditado nos dois sentidos. N\u00e3o h\u00e1 previs\u00e3o de libera\u00e7\u00e3o. Depois da explos\u00e3o, o fogo se espalhou e atingiu outros ve\u00edculos que estavam parados sobre a rodovia.<\/p>\n\n\n\n<p>O acidente deixou cinco v\u00edtimas, entre elas o motorista da carreta e sua esposa, que tamb\u00e9m estava no ve\u00edculo. O casal teve queimaduras nos membros superiores e inferiores, e foram deslocados para a UPA da Pinheira, em Palho\u00e7a. <\/p>\n\n\n\n<p>Outras tr\u00eas v\u00edtimas, que estavam em outros ve\u00edculos, foram socorridos por ambul\u00e2ncia da Arteris Litoral Sul.<\/p>\n\n\n\n<p><\/p>\n\n\n\n<figure class=\"wp-block-image size-large\"><img loading=\"lazy\" decoding=\"async\" width=\"1024\" height=\"576\" src=\"https:\/\/radiostudiow.com.br\/site\/wp-content\/uploads\/2025\/04\/Carreta-tomba-e-pega-fogo-Morro-dos-Cavalos-9-1024x576.jpg\" alt=\"\" class=\"wp-image-36557\" srcset=\"https:\/\/radiostudiow.com.br\/site\/wp-content\/uploads\/2025\/04\/Carreta-tomba-e-pega-fogo-Morro-dos-Cavalos-9-1024x576.jpg 1024w, https:\/\/radiostudiow.com.br\/site\/wp-content\/uploads\/2025\/04\/Carreta-tomba-e-pega-fogo-Morro-dos-Cavalos-9-300x169.jpg 300w, https:\/\/radiostudiow.com.br\/site\/wp-content\/uploads\/2025\/04\/Carreta-tomba-e-pega-fogo-Morro-dos-Cavalos-9-768x432.jpg 768w, https:\/\/radiostudiow.com.br\/site\/wp-content\/uploads\/2025\/04\/Carreta-tomba-e-pega-fogo-Morro-dos-Cavalos-9.jpg 1200w\" sizes=\"auto, (max-width: 1024px) 100vw, 1024px\" \/><\/figure>\n\n\n\n<p><\/p>\n\n\n\n<p><\/p>\n\n\n\n<p>INFORMA\u00c7\u00d5ES:<\/p>\n\n\n\n<figure class=\"wp-block-image\"><a href=\"https:\/\/www.nsctotal.com.br\/\"><img decoding=\"async\" src=\"https:\/\/www.nsctotal.com.br\/wp-content\/themes\/nsctotal\/images\/logo.svg\" alt=\"NSC Total\"\/><\/a><\/figure>\n\n\n\n<p><a href=\"https:\/\/assine.nsctotal.com.br\/ofertas\"><\/a><\/p>\n","protected":false},"excerpt":{"rendered":"<p>Uma carreta carregada de combust\u00edvel tombou no Km 233 da BR-101, sentido Sul, em Palho\u00e7a, na Grande Florian\u00f3polis, no in\u00edcio da tarde deste domingo (6). Com o acidente, que aconteceu na altura do Morro dos Cavalos, a carga explodiu e pegou fogo. Segundo a Pol\u00edcia Rodovi\u00e1ria Federal, o tr\u00e2nsito est\u00e1 totalmente interditado nos dois sentidos. [&hellip;]<\/p>\n","protected":false},"author":2,"featured_media":36558,"comment_status":"open","ping_status":"open","sticky":false,"template":"","format":"standard","meta":{"footnotes":""},"categories":[7],"tags":[172],"class_list":["post-36547","post","type-post","status-publish","format-standard","has-post-thumbnail","hentry","category-geral","tag-featured"],"amp_enabled":true,"_links":{"self":[{"href":"https:\/\/radiostudiow.com.br\/site\/wp-json\/wp\/v2\/posts\/36547","targetHints":{"allow":["GET"]}}],"collection":[{"href":"https:\/\/radiostudiow.com.br\/site\/wp-json\/wp\/v2\/posts"}],"about":[{"href":"https:\/\/radiostudiow.com.br\/site\/wp-json\/wp\/v2\/types\/post"}],"author":[{"embeddable":true,"href":"https:\/\/radiostudiow.com.br\/site\/wp-json\/wp\/v2\/users\/2"}],"replies":[{"embeddable":true,"href":"https:\/\/radiostudiow.com.br\/site\/wp-json\/wp\/v2\/comments?post=36547"}],"version-history":[{"count":1,"href":"https:\/\/radiostudiow.com.br\/site\/wp-json\/wp\/v2\/posts\/36547\/revisions"}],"predecessor-version":[{"id":36559,"href":"https:\/\/radiostudiow.com.br\/site\/wp-json\/wp\/v2\/posts\/36547\/revisions\/36559"}],"wp:featuredmedia":[{"embeddable":true,"href":"https:\/\/radiostudiow.com.br\/site\/wp-json\/wp\/v2\/media\/36558"}],"wp:attachment":[{"href":"https:\/\/radiostudiow.com.br\/site\/wp-json\/wp\/v2\/media?parent=36547"}],"wp:term":[{"taxonomy":"category","embeddable":true,"href":"https:\/\/radiostudiow.com.br\/site\/wp-json\/wp\/v2\/categories?post=36547"},{"taxonomy":"post_tag","embeddable":true,"href":"https:\/\/radiostudiow.com.br\/site\/wp-json\/wp\/v2\/tags?post=36547"}],"curies":[{"name":"wp","href":"https:\/\/api.w.org\/{rel}","templated":true}]}}