{"id":36560,"date":"2025-04-06T18:38:04","date_gmt":"2025-04-06T21:38:04","guid":{"rendered":"https:\/\/radiostudiow.com.br\/site\/?p=36560"},"modified":"2025-04-06T18:38:05","modified_gmt":"2025-04-06T21:38:05","slug":"colegio-dario-veloso-realiza-a-ii-feira-do-aluno-empreendedor-com-foco-em-inovacao-e-sustentabilidade","status":"publish","type":"post","link":"https:\/\/radiostudiow.com.br\/site\/2025\/04\/06\/colegio-dario-veloso-realiza-a-ii-feira-do-aluno-empreendedor-com-foco-em-inovacao-e-sustentabilidade\/","title":{"rendered":"Col\u00e9gio Dario Veloso realiza a II Feira do Aluno Empreendedor com foco em inova\u00e7\u00e3o e sustentabilidade"},"content":{"rendered":"\n<p><\/p>\n\n\n\n<figure class=\"wp-block-image size-full\"><img loading=\"lazy\" decoding=\"async\" width=\"897\" height=\"204\" src=\"https:\/\/radiostudiow.com.br\/site\/wp-content\/uploads\/2025\/03\/image-62.png\" alt=\"\" class=\"wp-image-35859\" srcset=\"https:\/\/radiostudiow.com.br\/site\/wp-content\/uploads\/2025\/03\/image-62.png 897w, https:\/\/radiostudiow.com.br\/site\/wp-content\/uploads\/2025\/03\/image-62-300x68.png 300w, https:\/\/radiostudiow.com.br\/site\/wp-content\/uploads\/2025\/03\/image-62-768x175.png 768w\" sizes=\"auto, (max-width: 897px) 100vw, 897px\" \/><\/figure>\n\n\n\n<p>Na \u00faltima sexta-feira, 4 de abril, o Col\u00e9gio Estadual Professor Dario Veloso promoveu a II Feira do Aluno Empreendedor \u2014 um evento que celebra o talento, a criatividade e a iniciativa dos estudantes do Curso T\u00e9cnico em Administra\u00e7\u00e3o da institui\u00e7\u00e3o.<\/p>\n\n\n\n<p>Organizada pela professora e coordenadora do curso, Neuza Maria Ivaniski, com apoio do professor Daniel Kmita, a feira reuniu alunos das turmas 1\u00aa A, 2\u00aa A e 3\u00aa A, que apresentaram projetos inovadores com foco em solu\u00e7\u00f5es pr\u00e1ticas para o dia a dia, sempre com um olhar voltado \u00e0 responsabilidade socioambiental.<\/p>\n\n\n\n<figure class=\"wp-block-image size-full\"><img loading=\"lazy\" decoding=\"async\" width=\"897\" height=\"204\" src=\"https:\/\/radiostudiow.com.br\/site\/wp-content\/uploads\/2025\/03\/SITE-GRANDE5.png\" alt=\"\" class=\"wp-image-35420\" srcset=\"https:\/\/radiostudiow.com.br\/site\/wp-content\/uploads\/2025\/03\/SITE-GRANDE5.png 897w, https:\/\/radiostudiow.com.br\/site\/wp-content\/uploads\/2025\/03\/SITE-GRANDE5-300x68.png 300w, https:\/\/radiostudiow.com.br\/site\/wp-content\/uploads\/2025\/03\/SITE-GRANDE5-768x175.png 768w\" sizes=\"auto, (max-width: 897px) 100vw, 897px\" \/><\/figure>\n\n\n\n<p><\/p>\n\n\n\n<p>O principal objetivo da feira \u00e9 estimular o pensamento empreendedor entre os jovens, incentivando-os a desenvolver ideias criativas e vi\u00e1veis para resolver problemas reais da sociedade.<\/p>\n\n\n\n<p>Nesta edi\u00e7\u00e3o, a sustentabilidade teve papel de destaque: os estudantes foram desafiados a reaproveitar materiais descart\u00e1veis, transformando-os em produtos \u00fateis e comercializ\u00e1veis.<\/p>\n\n\n\n<p>A iniciativa refor\u00e7a a import\u00e2ncia da educa\u00e7\u00e3o empreendedora nas escolas, preparando os alunos para o mercado de trabalho e promovendo uma consci\u00eancia ambiental desde cedo.<\/p>\n\n\n\n<p>A feira tamb\u00e9m representa uma oportunidade para que os estudantes desenvolvam habilidades pr\u00e1ticas de gest\u00e3o, marketing e trabalho em equipe.<\/p>\n\n\n\n<figure class=\"wp-block-image size-full\"><img loading=\"lazy\" decoding=\"async\" width=\"897\" height=\"204\" src=\"https:\/\/radiostudiow.com.br\/site\/wp-content\/uploads\/2025\/02\/SITE-GRANDE7.png\" alt=\"\" class=\"wp-image-33861\" srcset=\"https:\/\/radiostudiow.com.br\/site\/wp-content\/uploads\/2025\/02\/SITE-GRANDE7.png 897w, https:\/\/radiostudiow.com.br\/site\/wp-content\/uploads\/2025\/02\/SITE-GRANDE7-300x68.png 300w, https:\/\/radiostudiow.com.br\/site\/wp-content\/uploads\/2025\/02\/SITE-GRANDE7-768x175.png 768w\" sizes=\"auto, (max-width: 897px) 100vw, 897px\" \/><\/figure>\n\n\n\n<p><\/p>\n\n\n\n<p>ASSISTA A MAT\u00c9RIA REALIZADA PARA O JORNAL W NOT\u00cdCIAS.<\/p>\n\n\n\n<p>E S T \u00c1 &nbsp;&nbsp;&nbsp;E S P E C I A L&nbsp; &nbsp;! ! !<\/p>\n\n\n\n<figure class=\"wp-block-embed is-type-video is-provider-youtube wp-block-embed-youtube wp-embed-aspect-16-9 wp-has-aspect-ratio\"><div class=\"wp-block-embed__wrapper\">\n<iframe loading=\"lazy\" title=\"W Not\u00edcias: Col\u00e9gio Dario Veloso realiza a II Feira do Aluno Empreendedor\" width=\"740\" height=\"416\" src=\"https:\/\/www.youtube.com\/embed\/sfN_Gy58MjY?feature=oembed\" frameborder=\"0\" allow=\"accelerometer; autoplay; clipboard-write; encrypted-media; gyroscope; picture-in-picture; web-share\" referrerpolicy=\"strict-origin-when-cross-origin\" allowfullscreen><\/iframe>\n<\/div><\/figure>\n\n\n\n<p><\/p>\n\n\n\n<figure class=\"wp-block-image size-full\"><img loading=\"lazy\" decoding=\"async\" width=\"897\" height=\"204\" src=\"https:\/\/radiostudiow.com.br\/site\/wp-content\/uploads\/2025\/03\/BARAO-NOVO-NOTICIAS-1.jpg\" alt=\"\" class=\"wp-image-35084\" srcset=\"https:\/\/radiostudiow.com.br\/site\/wp-content\/uploads\/2025\/03\/BARAO-NOVO-NOTICIAS-1.jpg 897w, https:\/\/radiostudiow.com.br\/site\/wp-content\/uploads\/2025\/03\/BARAO-NOVO-NOTICIAS-1-300x68.jpg 300w, https:\/\/radiostudiow.com.br\/site\/wp-content\/uploads\/2025\/03\/BARAO-NOVO-NOTICIAS-1-768x175.jpg 768w\" sizes=\"auto, (max-width: 897px) 100vw, 897px\" \/><\/figure>\n","protected":false},"excerpt":{"rendered":"<p>Na \u00faltima sexta-feira, 4 de abril, o Col\u00e9gio Estadual Professor Dario Veloso promoveu a II Feira do Aluno Empreendedor \u2014 um evento que celebra o talento, a criatividade e a iniciativa dos estudantes do Curso T\u00e9cnico em Administra\u00e7\u00e3o da institui\u00e7\u00e3o. Organizada pela professora e coordenadora do curso, Neuza Maria Ivaniski, com apoio do professor Daniel [&hellip;]<\/p>\n","protected":false},"author":2,"featured_media":36561,"comment_status":"open","ping_status":"open","sticky":false,"template":"","format":"standard","meta":{"footnotes":""},"categories":[184],"tags":[172],"class_list":["post-36560","post","type-post","status-publish","format-standard","has-post-thumbnail","hentry","category-local","tag-featured"],"amp_enabled":true,"_links":{"self":[{"href":"https:\/\/radiostudiow.com.br\/site\/wp-json\/wp\/v2\/posts\/36560","targetHints":{"allow":["GET"]}}],"collection":[{"href":"https:\/\/radiostudiow.com.br\/site\/wp-json\/wp\/v2\/posts"}],"about":[{"href":"https:\/\/radiostudiow.com.br\/site\/wp-json\/wp\/v2\/types\/post"}],"author":[{"embeddable":true,"href":"https:\/\/radiostudiow.com.br\/site\/wp-json\/wp\/v2\/users\/2"}],"replies":[{"embeddable":true,"href":"https:\/\/radiostudiow.com.br\/site\/wp-json\/wp\/v2\/comments?post=36560"}],"version-history":[{"count":1,"href":"https:\/\/radiostudiow.com.br\/site\/wp-json\/wp\/v2\/posts\/36560\/revisions"}],"predecessor-version":[{"id":36562,"href":"https:\/\/radiostudiow.com.br\/site\/wp-json\/wp\/v2\/posts\/36560\/revisions\/36562"}],"wp:featuredmedia":[{"embeddable":true,"href":"https:\/\/radiostudiow.com.br\/site\/wp-json\/wp\/v2\/media\/36561"}],"wp:attachment":[{"href":"https:\/\/radiostudiow.com.br\/site\/wp-json\/wp\/v2\/media?parent=36560"}],"wp:term":[{"taxonomy":"category","embeddable":true,"href":"https:\/\/radiostudiow.com.br\/site\/wp-json\/wp\/v2\/categories?post=36560"},{"taxonomy":"post_tag","embeddable":true,"href":"https:\/\/radiostudiow.com.br\/site\/wp-json\/wp\/v2\/tags?post=36560"}],"curies":[{"name":"wp","href":"https:\/\/api.w.org\/{rel}","templated":true}]}}