{"id":36566,"date":"2025-04-07T10:14:18","date_gmt":"2025-04-07T13:14:18","guid":{"rendered":"https:\/\/radiostudiow.com.br\/site\/?p=36566"},"modified":"2025-04-07T10:14:18","modified_gmt":"2025-04-07T13:14:18","slug":"tres-homens-sao-presos-por-porte-ilegal-de-arma-de-fogo-em-cidades-da-nossa-regiao","status":"publish","type":"post","link":"https:\/\/radiostudiow.com.br\/site\/2025\/04\/07\/tres-homens-sao-presos-por-porte-ilegal-de-arma-de-fogo-em-cidades-da-nossa-regiao\/","title":{"rendered":"Tr\u00eas homens s\u00e3o presos por porte ilegal de arma de fogo em cidades da nossa regi\u00e3o"},"content":{"rendered":"\n<p><\/p>\n\n\n\n<figure class=\"wp-block-image size-full\"><img loading=\"lazy\" decoding=\"async\" width=\"897\" height=\"204\" src=\"https:\/\/radiostudiow.com.br\/site\/wp-content\/uploads\/2025\/03\/BARAO-NOVO-NOTICIAS-1.jpg\" alt=\"\" class=\"wp-image-35084\" srcset=\"https:\/\/radiostudiow.com.br\/site\/wp-content\/uploads\/2025\/03\/BARAO-NOVO-NOTICIAS-1.jpg 897w, https:\/\/radiostudiow.com.br\/site\/wp-content\/uploads\/2025\/03\/BARAO-NOVO-NOTICIAS-1-300x68.jpg 300w, https:\/\/radiostudiow.com.br\/site\/wp-content\/uploads\/2025\/03\/BARAO-NOVO-NOTICIAS-1-768x175.jpg 768w\" sizes=\"auto, (max-width: 897px) 100vw, 897px\" \/><\/figure>\n\n\n\n<p><\/p>\n\n\n\n<p><strong>Neste s\u00e1bado (5), tr\u00eas ocorr\u00eancias distintas de porte ilegal de arma de fogo foram registradas pelo 27\u00ba Batalh\u00e3o da Pol\u00edcia Militar em munic\u00edpios da regi\u00e3o sul do Paran\u00e1. As pris\u00f5es aconteceram nas cidades de S\u00e3o Mateus do Sul, Uni\u00e3o da Vit\u00f3ria e S\u00e3o Jo\u00e3o do Triunfo.<\/strong><\/p>\n\n\n\n<p><strong>Homem \u00e9 flagrado com espingarda durante patrulha rural em S\u00e3o Mateus do Sul<\/strong><\/p>\n\n\n\n<p>A primeira ocorr\u00eancia foi registrada na localidade do Cait\u00e1, em S\u00e3o Mateus do Sul. Durante patrulhamento da Patrulha Rural, policiais avistaram diversos c\u00e3es da ra\u00e7a \u201camericano\u201d, frequentemente usados em ca\u00e7as ilegais de animais silvestres. A equipe desembarcou e adentrou uma \u00e1rea de mata, onde abordou um homem montado a cavalo.<\/p>\n\n\n\n<p>Durante revista pessoal, os policiais encontraram quatro muni\u00e7\u00f5es de calibre 12 no bolso do suspeito, que confessou ter deixado uma espingarda calibre 12 escondida na mata. A arma foi localizada e o homem recebeu voz de pris\u00e3o, sendo conduzido \u00e0 3\u00aa Subdivis\u00e3o Policial para os procedimentos cab\u00edveis. Os animais, incluindo o cavalo e os c\u00e3es, foram deixados sob os cuidados da fam\u00edlia do detido.<\/p>\n\n\n\n<figure class=\"wp-block-image size-full\"><img loading=\"lazy\" decoding=\"async\" width=\"344\" height=\"306\" src=\"https:\/\/radiostudiow.com.br\/site\/wp-content\/uploads\/2025\/04\/2-1.jpg\" alt=\"\" class=\"wp-image-36568\" srcset=\"https:\/\/radiostudiow.com.br\/site\/wp-content\/uploads\/2025\/04\/2-1.jpg 344w, https:\/\/radiostudiow.com.br\/site\/wp-content\/uploads\/2025\/04\/2-1-300x267.jpg 300w\" sizes=\"auto, (max-width: 344px) 100vw, 344px\" \/><\/figure>\n\n\n\n<p><\/p>\n\n\n\n<figure class=\"wp-block-image size-full\"><img loading=\"lazy\" decoding=\"async\" width=\"897\" height=\"204\" src=\"https:\/\/radiostudiow.com.br\/site\/wp-content\/uploads\/2025\/03\/SITE-GRANDE5.png\" alt=\"\" class=\"wp-image-35420\" srcset=\"https:\/\/radiostudiow.com.br\/site\/wp-content\/uploads\/2025\/03\/SITE-GRANDE5.png 897w, https:\/\/radiostudiow.com.br\/site\/wp-content\/uploads\/2025\/03\/SITE-GRANDE5-300x68.png 300w, https:\/\/radiostudiow.com.br\/site\/wp-content\/uploads\/2025\/03\/SITE-GRANDE5-768x175.png 768w\" sizes=\"auto, (max-width: 897px) 100vw, 897px\" \/><\/figure>\n\n\n\n<p><\/p>\n\n\n\n<p><strong>Espingarda sem numera\u00e7\u00e3o \u00e9 apreendida ap\u00f3s manobra perigosa em Uni\u00e3o da Vit\u00f3ria<\/strong><\/p>\n\n\n\n<p>Por volta das 15h, na localidade do Rio Vermelho, em Uni\u00e3o da Vit\u00f3ria, outra equipe da Pol\u00edcia Militar abordou um ve\u00edculo que realizava manobras perigosas, colocando em risco a seguran\u00e7a no tr\u00e2nsito e quase colidindo com a viatura policial.<\/p>\n\n\n\n<p>Durante a abordagem e revista do ve\u00edculo, os policiais encontraram uma espingarda sem numera\u00e7\u00e3o aparente, al\u00e9m de um cartucho intacto. A verifica\u00e7\u00e3o nos sistemas da PM revelou que o condutor n\u00e3o possu\u00eda Carteira Nacional de Habilita\u00e7\u00e3o (CNH) e que o ve\u00edculo apresentava pend\u00eancias documentais. O homem foi preso em flagrante e encaminhado \u00e0 4\u00aa Subdivis\u00e3o Policial. O ve\u00edculo foi recolhido ao p\u00e1tio do 27\u00ba BPM.<\/p>\n\n\n\n<figure class=\"wp-block-image size-full\"><img loading=\"lazy\" decoding=\"async\" width=\"322\" height=\"368\" src=\"https:\/\/radiostudiow.com.br\/site\/wp-content\/uploads\/2025\/04\/3.jpg\" alt=\"\" class=\"wp-image-36567\" srcset=\"https:\/\/radiostudiow.com.br\/site\/wp-content\/uploads\/2025\/04\/3.jpg 322w, https:\/\/radiostudiow.com.br\/site\/wp-content\/uploads\/2025\/04\/3-263x300.jpg 263w\" sizes=\"auto, (max-width: 322px) 100vw, 322px\" \/><\/figure>\n\n\n\n<p><\/p>\n\n\n\n<figure class=\"wp-block-image size-full\"><img loading=\"lazy\" decoding=\"async\" width=\"897\" height=\"204\" src=\"https:\/\/radiostudiow.com.br\/site\/wp-content\/uploads\/2025\/03\/image-62.png\" alt=\"\" class=\"wp-image-35859\" srcset=\"https:\/\/radiostudiow.com.br\/site\/wp-content\/uploads\/2025\/03\/image-62.png 897w, https:\/\/radiostudiow.com.br\/site\/wp-content\/uploads\/2025\/03\/image-62-300x68.png 300w, https:\/\/radiostudiow.com.br\/site\/wp-content\/uploads\/2025\/03\/image-62-768x175.png 768w\" sizes=\"auto, (max-width: 897px) 100vw, 897px\" \/><\/figure>\n\n\n\n<p><\/p>\n\n\n\n<p><strong>Suspeito foge para mata com espingarda em S\u00e3o Jo\u00e3o do Triunfo<\/strong><\/p>\n\n\n\n<p>A terceira ocorr\u00eancia ocorreu \u00e0s 16h, na Estrada Rural Fund\u00e3o, em S\u00e3o Jo\u00e3o do Triunfo. Durante patrulhamento, a equipe policial avistou um indiv\u00edduo caminhando com uma espingarda. Ao notar a presen\u00e7a da viatura, ele correu em dire\u00e7\u00e3o \u00e0 mata, iniciando uma tentativa de fuga.<\/p>\n\n\n\n<p>A equipe iniciou buscas e localizou o suspeito ainda pr\u00f3ximo da arma, uma espingarda calibre 32 aparentemente sem marca. Com ele, foram apreendidas tamb\u00e9m uma muni\u00e7\u00e3o intacta no cano e outras cinco muni\u00e7\u00f5es em uma bolsa. O homem foi preso e encaminhado \u00e0 Delegacia de Pol\u00edcia para os procedimentos legais.<\/p>\n\n\n\n<p><\/p>\n\n\n\n<figure class=\"wp-block-image size-full\"><img loading=\"lazy\" decoding=\"async\" width=\"335\" height=\"332\" src=\"https:\/\/radiostudiow.com.br\/site\/wp-content\/uploads\/2025\/04\/1-2.jpg\" alt=\"\" class=\"wp-image-36570\" srcset=\"https:\/\/radiostudiow.com.br\/site\/wp-content\/uploads\/2025\/04\/1-2.jpg 335w, https:\/\/radiostudiow.com.br\/site\/wp-content\/uploads\/2025\/04\/1-2-300x297.jpg 300w, https:\/\/radiostudiow.com.br\/site\/wp-content\/uploads\/2025\/04\/1-2-80x80.jpg 80w\" sizes=\"auto, (max-width: 335px) 100vw, 335px\" \/><\/figure>\n\n\n\n<hr class=\"wp-block-separator has-alpha-channel-opacity\"\/>\n\n\n\n<p><strong>As tr\u00eas ocorr\u00eancias refor\u00e7am o trabalho cont\u00ednuo do 27\u00ba BPM (Batalh\u00e3o da Pol\u00edcia Militar) no combate ao porte ilegal de armas de fogo na regi\u00e3o.<\/strong><\/p>\n\n\n\n<p><\/p>\n\n\n\n<figure class=\"wp-block-image size-full\"><img loading=\"lazy\" decoding=\"async\" width=\"897\" height=\"204\" src=\"https:\/\/radiostudiow.com.br\/site\/wp-content\/uploads\/2025\/02\/SITE-GRANDE7.png\" alt=\"\" class=\"wp-image-33861\" srcset=\"https:\/\/radiostudiow.com.br\/site\/wp-content\/uploads\/2025\/02\/SITE-GRANDE7.png 897w, https:\/\/radiostudiow.com.br\/site\/wp-content\/uploads\/2025\/02\/SITE-GRANDE7-300x68.png 300w, https:\/\/radiostudiow.com.br\/site\/wp-content\/uploads\/2025\/02\/SITE-GRANDE7-768x175.png 768w\" sizes=\"auto, (max-width: 897px) 100vw, 897px\" \/><\/figure>\n","protected":false},"excerpt":{"rendered":"<p>Neste s\u00e1bado (5), tr\u00eas ocorr\u00eancias distintas de porte ilegal de arma de fogo foram registradas pelo 27\u00ba Batalh\u00e3o da Pol\u00edcia Militar em munic\u00edpios da regi\u00e3o sul do Paran\u00e1. As pris\u00f5es aconteceram nas cidades de S\u00e3o Mateus do Sul, Uni\u00e3o da Vit\u00f3ria e S\u00e3o Jo\u00e3o do Triunfo. Homem \u00e9 flagrado com espingarda durante patrulha rural em [&hellip;]<\/p>\n","protected":false},"author":2,"featured_media":36571,"comment_status":"open","ping_status":"open","sticky":false,"template":"","format":"standard","meta":{"footnotes":""},"categories":[185],"tags":[172],"class_list":["post-36566","post","type-post","status-publish","format-standard","has-post-thumbnail","hentry","category-regional","tag-featured"],"amp_enabled":true,"_links":{"self":[{"href":"https:\/\/radiostudiow.com.br\/site\/wp-json\/wp\/v2\/posts\/36566","targetHints":{"allow":["GET"]}}],"collection":[{"href":"https:\/\/radiostudiow.com.br\/site\/wp-json\/wp\/v2\/posts"}],"about":[{"href":"https:\/\/radiostudiow.com.br\/site\/wp-json\/wp\/v2\/types\/post"}],"author":[{"embeddable":true,"href":"https:\/\/radiostudiow.com.br\/site\/wp-json\/wp\/v2\/users\/2"}],"replies":[{"embeddable":true,"href":"https:\/\/radiostudiow.com.br\/site\/wp-json\/wp\/v2\/comments?post=36566"}],"version-history":[{"count":1,"href":"https:\/\/radiostudiow.com.br\/site\/wp-json\/wp\/v2\/posts\/36566\/revisions"}],"predecessor-version":[{"id":36572,"href":"https:\/\/radiostudiow.com.br\/site\/wp-json\/wp\/v2\/posts\/36566\/revisions\/36572"}],"wp:featuredmedia":[{"embeddable":true,"href":"https:\/\/radiostudiow.com.br\/site\/wp-json\/wp\/v2\/media\/36571"}],"wp:attachment":[{"href":"https:\/\/radiostudiow.com.br\/site\/wp-json\/wp\/v2\/media?parent=36566"}],"wp:term":[{"taxonomy":"category","embeddable":true,"href":"https:\/\/radiostudiow.com.br\/site\/wp-json\/wp\/v2\/categories?post=36566"},{"taxonomy":"post_tag","embeddable":true,"href":"https:\/\/radiostudiow.com.br\/site\/wp-json\/wp\/v2\/tags?post=36566"}],"curies":[{"name":"wp","href":"https:\/\/api.w.org\/{rel}","templated":true}]}}