{"id":3657,"date":"2021-09-12T21:33:00","date_gmt":"2021-09-13T00:33:00","guid":{"rendered":"https:\/\/radiostudiow.com.br\/site\/?p=3657"},"modified":"2025-01-31T15:12:28","modified_gmt":"2025-01-31T18:12:28","slug":"selecoes-de-futsal-masculina-e-feminina-de-mallet-estreiam-com-goleadas-nos-33o-jogos-da-juventude-do-parana","status":"publish","type":"post","link":"https:\/\/radiostudiow.com.br\/site\/2021\/09\/12\/selecoes-de-futsal-masculina-e-feminina-de-mallet-estreiam-com-goleadas-nos-33o-jogos-da-juventude-do-parana\/","title":{"rendered":"SELE\u00c7\u00d5ES DE FUTSAL MASCULINA E FEMININA DE MALLET ESTREIAM COM GOLEADAS NOS 33\u00ba JOGOS DA JUVENTUDE DO PARAN\u00c1"},"content":{"rendered":"\n<p>Neste s\u00e1bado (11), teve in\u00edcio as competi\u00e7\u00f5es dos Jogos da Juventude do Paran\u00e1.&nbsp;<\/p>\n\n\n\n<p>\u00c9 a 33\u00aa edi\u00e7\u00e3o dos JOJUP&#8217;S, que est\u00e1 ocorrendo em tr\u00eas cidades pertencentes a 10\u00aa regional do estado.<\/p>\n\n\n\n<p>Laranjeiras do Sul est\u00e1 sediando a modalidade de futsal masculino e feminino onde a cidade de Mallet mais uma vez est\u00e1 participando.<\/p>\n\n\n\n<p>E estreando com vit\u00f3ria. A equipe feminina goleou a sele\u00e7\u00e3o de Paulo Frontin pelo placar de 06 x 02.&nbsp;<\/p>\n\n\n\n<p>Os gols de Izabela Cristine Dorocinski (01), Gabriele Duda Klentfelt (02) e Maria Gabrieli Pereira (03). Descontaram para Paulo Frontin, (02) gols de Jheniffer Liane Fernandes.<\/p>\n\n\n\n<figure class=\"wp-block-image size-full\"><img decoding=\"async\" src=\"https:\/\/radiostudiow.com.br\/site\/wp-content\/uploads\/2021\/08\/BAHNIUK.jpg\" alt=\"\" class=\"wp-image-3191\"\/><\/figure>\n\n\n\n<p>O masculino aplicou uma&nbsp; goleada ainda maior e com gols de Gabriel Jos\u00e9 Wlodarczyk (01),&nbsp; Luis Fernando Wengrzen da Luz (02), Anderson Klenk de Matos (04), Mallet venceu a cidade de Campina do Sim\u00e3o pelo placar de 07 x 02.<\/p>\n\n\n\n<p>Marcaram para a cidade de Campina do Sim\u00e3o, Gabriel Assis de Moraes (02) gols.<\/p>\n\n\n\n<p>A organiza\u00e7\u00e3o do evento obedeceu aos protocolos sanit\u00e1rios de distanciamento f\u00edsico, uso de m\u00e1scara, medi\u00e7\u00e3o de temperatura, higieniza\u00e7\u00e3o pessoal e de equipamentos.<\/p>\n\n\n\n<p>Neste domingo (12), \u00e9 a vez\u00a0 da sele\u00e7\u00e3o masculina de Futsal categoria livre estrear nos 62\u00ba JOGOS ABERTOS DO PARAN\u00c1, tamb\u00e9m na cidade de Laranjeiras do Sul.<\/p>\n\n\n\n<figure class=\"wp-block-gallery columns-2 is-cropped wp-block-gallery-1 is-layout-flex wp-block-gallery-is-layout-flex\"><ul class=\"blocks-gallery-grid\"><li class=\"blocks-gallery-item\"><figure><img decoding=\"async\" src=\"https:\/\/radiostudiow.com.br\/site\/wp-content\/uploads\/2021\/09\/01-3-1024x768.jpeg\" alt=\"\" data-id=\"3659\" data-full-url=\"https:\/\/radiostudiow.com.br\/site\/wp-content\/uploads\/2021\/09\/01-3.jpeg\" data-link=\"https:\/\/radiostudiow.com.br\/site\/?attachment_id=3659\" class=\"wp-image-3659\"\/><\/figure><\/li><li class=\"blocks-gallery-item\"><figure><img decoding=\"async\" src=\"https:\/\/radiostudiow.com.br\/site\/wp-content\/uploads\/2021\/09\/02-1-1024x768.jpeg\" alt=\"\" data-id=\"3660\" data-full-url=\"https:\/\/radiostudiow.com.br\/site\/wp-content\/uploads\/2021\/09\/02-1.jpeg\" data-link=\"https:\/\/radiostudiow.com.br\/site\/?attachment_id=3660\" class=\"wp-image-3660\"\/><\/figure><\/li><li class=\"blocks-gallery-item\"><figure><img decoding=\"async\" src=\"https:\/\/radiostudiow.com.br\/site\/wp-content\/uploads\/2021\/09\/03-1-1024x768.jpeg\" alt=\"\" data-id=\"3661\" data-full-url=\"https:\/\/radiostudiow.com.br\/site\/wp-content\/uploads\/2021\/09\/03-1.jpeg\" data-link=\"https:\/\/radiostudiow.com.br\/site\/?attachment_id=3661\" class=\"wp-image-3661\"\/><\/figure><\/li><li class=\"blocks-gallery-item\"><figure><img loading=\"lazy\" decoding=\"async\" width=\"1024\" height=\"766\" src=\"https:\/\/radiostudiow.com.br\/site\/wp-content\/uploads\/2021\/09\/04-1-1024x766.jpeg\" alt=\"\" data-id=\"3662\" data-full-url=\"https:\/\/radiostudiow.com.br\/site\/wp-content\/uploads\/2021\/09\/04-1.jpeg\" data-link=\"https:\/\/radiostudiow.com.br\/site\/?attachment_id=3662\" class=\"wp-image-3662\" srcset=\"https:\/\/radiostudiow.com.br\/site\/wp-content\/uploads\/2021\/09\/04-1-1024x766.jpeg 1024w, https:\/\/radiostudiow.com.br\/site\/wp-content\/uploads\/2021\/09\/04-1-300x225.jpeg 300w, https:\/\/radiostudiow.com.br\/site\/wp-content\/uploads\/2021\/09\/04-1-768x575.jpeg 768w, https:\/\/radiostudiow.com.br\/site\/wp-content\/uploads\/2021\/09\/04-1.jpeg 1280w\" sizes=\"auto, (max-width: 1024px) 100vw, 1024px\" \/><\/figure><\/li><li class=\"blocks-gallery-item\"><figure><img loading=\"lazy\" decoding=\"async\" width=\"1024\" height=\"768\" src=\"https:\/\/radiostudiow.com.br\/site\/wp-content\/uploads\/2021\/09\/05-1-1024x768.jpeg\" alt=\"\" data-id=\"3663\" data-full-url=\"https:\/\/radiostudiow.com.br\/site\/wp-content\/uploads\/2021\/09\/05-1.jpeg\" data-link=\"https:\/\/radiostudiow.com.br\/site\/?attachment_id=3663\" class=\"wp-image-3663\" srcset=\"https:\/\/radiostudiow.com.br\/site\/wp-content\/uploads\/2021\/09\/05-1-1024x768.jpeg 1024w, https:\/\/radiostudiow.com.br\/site\/wp-content\/uploads\/2021\/09\/05-1-300x225.jpeg 300w, https:\/\/radiostudiow.com.br\/site\/wp-content\/uploads\/2021\/09\/05-1-768x576.jpeg 768w, https:\/\/radiostudiow.com.br\/site\/wp-content\/uploads\/2021\/09\/05-1-1536x1152.jpeg 1536w, https:\/\/radiostudiow.com.br\/site\/wp-content\/uploads\/2021\/09\/05-1.jpeg 1600w\" sizes=\"auto, (max-width: 1024px) 100vw, 1024px\" \/><\/figure><\/li><\/ul><\/figure>\n","protected":false},"excerpt":{"rendered":"<p>Neste s\u00e1bado (11), teve in\u00edcio as competi\u00e7\u00f5es dos Jogos da Juventude do Paran\u00e1.&nbsp; \u00c9 a 33\u00aa edi\u00e7\u00e3o dos JOJUP&#8217;S, que est\u00e1 ocorrendo em tr\u00eas cidades pertencentes a 10\u00aa regional do estado. Laranjeiras do Sul est\u00e1 sediando a modalidade de futsal masculino e feminino onde a cidade de Mallet mais uma vez est\u00e1 participando. E estreando [&hellip;]<\/p>\n","protected":false},"author":2,"featured_media":0,"comment_status":"open","ping_status":"open","sticky":false,"template":"","format":"standard","meta":{"footnotes":""},"categories":[7],"tags":[172],"class_list":["post-3657","post","type-post","status-publish","format-standard","hentry","category-geral","tag-featured"],"amp_enabled":true,"_links":{"self":[{"href":"https:\/\/radiostudiow.com.br\/site\/wp-json\/wp\/v2\/posts\/3657","targetHints":{"allow":["GET"]}}],"collection":[{"href":"https:\/\/radiostudiow.com.br\/site\/wp-json\/wp\/v2\/posts"}],"about":[{"href":"https:\/\/radiostudiow.com.br\/site\/wp-json\/wp\/v2\/types\/post"}],"author":[{"embeddable":true,"href":"https:\/\/radiostudiow.com.br\/site\/wp-json\/wp\/v2\/users\/2"}],"replies":[{"embeddable":true,"href":"https:\/\/radiostudiow.com.br\/site\/wp-json\/wp\/v2\/comments?post=3657"}],"version-history":[{"count":1,"href":"https:\/\/radiostudiow.com.br\/site\/wp-json\/wp\/v2\/posts\/3657\/revisions"}],"predecessor-version":[{"id":3664,"href":"https:\/\/radiostudiow.com.br\/site\/wp-json\/wp\/v2\/posts\/3657\/revisions\/3664"}],"wp:attachment":[{"href":"https:\/\/radiostudiow.com.br\/site\/wp-json\/wp\/v2\/media?parent=3657"}],"wp:term":[{"taxonomy":"category","embeddable":true,"href":"https:\/\/radiostudiow.com.br\/site\/wp-json\/wp\/v2\/categories?post=3657"},{"taxonomy":"post_tag","embeddable":true,"href":"https:\/\/radiostudiow.com.br\/site\/wp-json\/wp\/v2\/tags?post=3657"}],"curies":[{"name":"wp","href":"https:\/\/api.w.org\/{rel}","templated":true}]}}