{"id":36574,"date":"2025-04-07T11:04:09","date_gmt":"2025-04-07T14:04:09","guid":{"rendered":"https:\/\/radiostudiow.com.br\/site\/?p=36574"},"modified":"2025-04-07T11:04:10","modified_gmt":"2025-04-07T14:04:10","slug":"policia-militar-apreende-veiculo-abandonado-com-carregadores-e-municoes-em-uniao-da-vitoria","status":"publish","type":"post","link":"https:\/\/radiostudiow.com.br\/site\/2025\/04\/07\/policia-militar-apreende-veiculo-abandonado-com-carregadores-e-municoes-em-uniao-da-vitoria\/","title":{"rendered":"Pol\u00edcia Militar apreende ve\u00edculo abandonado com carregadores e muni\u00e7\u00f5es em Uni\u00e3o da Vit\u00f3ria"},"content":{"rendered":"\n<p><\/p>\n\n\n\n<h2 class=\"wp-block-heading\"><strong>Dentro do carro foram encontrados 69 muni\u00e7\u00f5es, carregadores de pistola, celular, maleta de arma e outros objetos. Caso foi encaminhado \u00e0 Pol\u00edcia Civil.<\/strong><\/h2>\n\n\n\n<p><\/p>\n\n\n\n<p>A Pol\u00edcia Militar apreendeu no in\u00edcio da tarde deste domingo (06), um ve\u00edculo abandonado em via p\u00fablica no bairro Sagrada Fam\u00edlia, em Uni\u00e3o da Vit\u00f3ria, contendo carregadores de arma de fogo, muni\u00e7\u00f5es e outros objetos suspeitos.<\/p>\n\n\n\n<p>A ocorr\u00eancia foi registrada por volta das 12h30, ap\u00f3s uma den\u00fancia an\u00f4nima informando que um carro estaria parado no meio da rua com diversos materiais em seu interior.<\/p>\n\n\n\n<p>Ao chegarem ao local, os policiais constataram que se tratava de um Honda HR-V, aparentemente abandonado.<\/p>\n\n\n\n<figure class=\"wp-block-image size-full\"><img loading=\"lazy\" decoding=\"async\" width=\"304\" height=\"286\" src=\"https:\/\/radiostudiow.com.br\/site\/wp-content\/uploads\/2025\/04\/6.jpg\" alt=\"\" class=\"wp-image-36575\" srcset=\"https:\/\/radiostudiow.com.br\/site\/wp-content\/uploads\/2025\/04\/6.jpg 304w, https:\/\/radiostudiow.com.br\/site\/wp-content\/uploads\/2025\/04\/6-300x282.jpg 300w\" sizes=\"auto, (max-width: 304px) 100vw, 304px\" \/><\/figure>\n\n\n\n<p><\/p>\n\n\n\n<figure class=\"wp-block-image size-full\"><img loading=\"lazy\" decoding=\"async\" width=\"897\" height=\"204\" src=\"https:\/\/radiostudiow.com.br\/site\/wp-content\/uploads\/2024\/01\/SITE-GRANDE3.png\" alt=\"zaions\" class=\"wp-image-18936\" srcset=\"https:\/\/radiostudiow.com.br\/site\/wp-content\/uploads\/2024\/01\/SITE-GRANDE3.png 897w, https:\/\/radiostudiow.com.br\/site\/wp-content\/uploads\/2024\/01\/SITE-GRANDE3-300x68.png 300w, https:\/\/radiostudiow.com.br\/site\/wp-content\/uploads\/2024\/01\/SITE-GRANDE3-768x175.png 768w\" sizes=\"auto, (max-width: 897px) 100vw, 897px\" \/><\/figure>\n\n\n\n<p><\/p>\n\n\n\n<p>Durante a inspe\u00e7\u00e3o no ve\u00edculo, a equipe encontrou dois carregadores de pistola calibre 9mm \u2014 um deles j\u00e1 municiado com nove proj\u00e9teis \u2014, uma maleta de pistola da marca Taurus, um celular Samsung, uma chave de ve\u00edculo da marca Fiat e, ao todo, 69 muni\u00e7\u00f5es de calibre 9mm, al\u00e9m de outros itens n\u00e3o detalhados.<\/p>\n\n\n\n<figure class=\"wp-block-image size-full\"><img loading=\"lazy\" decoding=\"async\" width=\"300\" height=\"291\" src=\"https:\/\/radiostudiow.com.br\/site\/wp-content\/uploads\/2025\/04\/5.jpg\" alt=\"\" class=\"wp-image-36576\"\/><\/figure>\n\n\n\n<p><\/p>\n\n\n\n<p><\/p>\n\n\n\n<p>Diante da situa\u00e7\u00e3o, o ve\u00edculo e todo o material foram apreendidos e encaminhados \u00e0 4\u00aa Subdivis\u00e3o Policial de Uni\u00e3o da Vit\u00f3ria, onde o caso ser\u00e1 investigado pela Pol\u00edcia Civil.<\/p>\n\n\n\n<p>Fonte: 27\u00ba BPM<\/p>\n\n\n\n<p><\/p>\n\n\n\n<figure class=\"wp-block-image size-full\"><img decoding=\"async\" src=\"https:\/\/radiostudiow.com.br\/site\/wp-content\/uploads\/2024\/01\/SITE-GRANDE.png\" alt=\"\" class=\"wp-image-18949\"\/><\/figure>\n","protected":false},"excerpt":{"rendered":"<p>Dentro do carro foram encontrados 69 muni\u00e7\u00f5es, carregadores de pistola, celular, maleta de arma e outros objetos. Caso foi encaminhado \u00e0 Pol\u00edcia Civil. A Pol\u00edcia Militar apreendeu no in\u00edcio da tarde deste domingo (06), um ve\u00edculo abandonado em via p\u00fablica no bairro Sagrada Fam\u00edlia, em Uni\u00e3o da Vit\u00f3ria, contendo carregadores de arma de fogo, muni\u00e7\u00f5es [&hellip;]<\/p>\n","protected":false},"author":2,"featured_media":36577,"comment_status":"open","ping_status":"open","sticky":false,"template":"","format":"standard","meta":{"footnotes":""},"categories":[2],"tags":[172],"class_list":["post-36574","post","type-post","status-publish","format-standard","has-post-thumbnail","hentry","category-policial","tag-featured"],"amp_enabled":true,"_links":{"self":[{"href":"https:\/\/radiostudiow.com.br\/site\/wp-json\/wp\/v2\/posts\/36574","targetHints":{"allow":["GET"]}}],"collection":[{"href":"https:\/\/radiostudiow.com.br\/site\/wp-json\/wp\/v2\/posts"}],"about":[{"href":"https:\/\/radiostudiow.com.br\/site\/wp-json\/wp\/v2\/types\/post"}],"author":[{"embeddable":true,"href":"https:\/\/radiostudiow.com.br\/site\/wp-json\/wp\/v2\/users\/2"}],"replies":[{"embeddable":true,"href":"https:\/\/radiostudiow.com.br\/site\/wp-json\/wp\/v2\/comments?post=36574"}],"version-history":[{"count":1,"href":"https:\/\/radiostudiow.com.br\/site\/wp-json\/wp\/v2\/posts\/36574\/revisions"}],"predecessor-version":[{"id":36578,"href":"https:\/\/radiostudiow.com.br\/site\/wp-json\/wp\/v2\/posts\/36574\/revisions\/36578"}],"wp:featuredmedia":[{"embeddable":true,"href":"https:\/\/radiostudiow.com.br\/site\/wp-json\/wp\/v2\/media\/36577"}],"wp:attachment":[{"href":"https:\/\/radiostudiow.com.br\/site\/wp-json\/wp\/v2\/media?parent=36574"}],"wp:term":[{"taxonomy":"category","embeddable":true,"href":"https:\/\/radiostudiow.com.br\/site\/wp-json\/wp\/v2\/categories?post=36574"},{"taxonomy":"post_tag","embeddable":true,"href":"https:\/\/radiostudiow.com.br\/site\/wp-json\/wp\/v2\/tags?post=36574"}],"curies":[{"name":"wp","href":"https:\/\/api.w.org\/{rel}","templated":true}]}}