{"id":36579,"date":"2025-04-07T11:28:00","date_gmt":"2025-04-07T14:28:00","guid":{"rendered":"https:\/\/radiostudiow.com.br\/site\/?p=36579"},"modified":"2025-04-07T11:28:00","modified_gmt":"2025-04-07T14:28:00","slug":"homem-e-preso-por-trafico-de-drogas-em-uniao-da-vitoria-12","status":"publish","type":"post","link":"https:\/\/radiostudiow.com.br\/site\/2025\/04\/07\/homem-e-preso-por-trafico-de-drogas-em-uniao-da-vitoria-12\/","title":{"rendered":"Homem \u00e9 preso por tr\u00e1fico de drogas em Uni\u00e3o da Vit\u00f3ria"},"content":{"rendered":"\n<p><\/p>\n\n\n\n<h3 class=\"wp-block-heading\">Pris\u00e3o ocorreu no bairro S\u00e3o Bas\u00edlio Magno durante patrulhamento da ROTAM; coca\u00edna e dinheiro foram apreendidos<\/h3>\n\n\n\n<p><\/p>\n\n\n\n<p>A Pol\u00edcia Militar prendeu um homem por tr\u00e1fico de drogas na noite deste s\u00e1bado (5), no bairro S\u00e3o Bas\u00edlio Magno, em Uni\u00e3o da Vit\u00f3ria. A a\u00e7\u00e3o foi realizada por volta das 21h, durante patrulhamento da equipe ROTAM (Rondas Ostensivas T\u00e1ticas Metropolitanas), que avistou dois indiv\u00edduos em frente a uma resid\u00eancia.<\/p>\n\n\n\n<figure class=\"wp-block-image size-full\"><img loading=\"lazy\" decoding=\"async\" width=\"598\" height=\"204\" src=\"https:\/\/radiostudiow.com.br\/site\/wp-content\/uploads\/2024\/10\/labirati.png\" alt=\"\" class=\"wp-image-28854\" srcset=\"https:\/\/radiostudiow.com.br\/site\/wp-content\/uploads\/2024\/10\/labirati.png 598w, https:\/\/radiostudiow.com.br\/site\/wp-content\/uploads\/2024\/10\/labirati-300x102.png 300w\" sizes=\"auto, (max-width: 598px) 100vw, 598px\" \/><\/figure>\n\n\n\n<p><\/p>\n\n\n\n<p>De acordo com o boletim de ocorr\u00eancia, um dos homens, j\u00e1 conhecido no meio policial por envolvimento com o tr\u00e1fico, demonstrou comportamento suspeito ao tentar esconder um inv\u00f3lucro branco no bolso e se dirigir apressadamente para dentro da casa. A atitude chamou a aten\u00e7\u00e3o da equipe, que realizou a abordagem.<\/p>\n\n\n\n<p>Durante a revista pessoal, os policiais localizaram uma por\u00e7\u00e3o de subst\u00e2ncia an\u00e1loga \u00e0 coca\u00edna, al\u00e9m de uma quantia em dinheiro com o suspeito. O segundo indiv\u00edduo foi revistado, mas nada de il\u00edcito foi encontrado com ele.<\/p>\n\n\n\n<p>Questionado sobre a exist\u00eancia de mais entorpecentes no interior da resid\u00eancia, o suspeito negou. <\/p>\n\n\n\n<p>No entanto, com o apoio da equipe do canil da PM, a cadela de faro indicou um arm\u00e1rio na casa. No local, foi encontrada outra por\u00e7\u00e3o de coca\u00edna, escondida dentro de um pacote.<\/p>\n\n\n\n<p>Diante das evid\u00eancias, o homem recebeu voz de pris\u00e3o, teve seus direitos constitucionais lidos e foi algemado, conforme previsto em casos com risco de fuga.<\/p>\n\n\n\n<p><\/p>\n\n\n\n<figure class=\"wp-block-image size-full\"><img loading=\"lazy\" decoding=\"async\" width=\"598\" height=\"204\" src=\"https:\/\/radiostudiow.com.br\/site\/wp-content\/uploads\/2025\/01\/SITE-MEDIO7.png\" alt=\"\" class=\"wp-image-32801\" srcset=\"https:\/\/radiostudiow.com.br\/site\/wp-content\/uploads\/2025\/01\/SITE-MEDIO7.png 598w, https:\/\/radiostudiow.com.br\/site\/wp-content\/uploads\/2025\/01\/SITE-MEDIO7-300x102.png 300w\" sizes=\"auto, (max-width: 598px) 100vw, 598px\" \/><\/figure>\n\n\n\n<p><\/p>\n\n\n\n<p> Ele foi encaminhado \u00e0 4\u00aa Subdivis\u00e3o Policial, junto com o material apreendido. O segundo abordado foi liberado no local, uma vez que n\u00e3o havia ind\u00edcios de envolvimento.<\/p>\n\n\n\n<p><\/p>\n\n\n\n<p>INFORMA\u00c7\u00d5ES DO 27\u00ba BPM <\/p>\n","protected":false},"excerpt":{"rendered":"<p>Pris\u00e3o ocorreu no bairro S\u00e3o Bas\u00edlio Magno durante patrulhamento da ROTAM; coca\u00edna e dinheiro foram apreendidos A Pol\u00edcia Militar prendeu um homem por tr\u00e1fico de drogas na noite deste s\u00e1bado (5), no bairro S\u00e3o Bas\u00edlio Magno, em Uni\u00e3o da Vit\u00f3ria. A a\u00e7\u00e3o foi realizada por volta das 21h, durante patrulhamento da equipe ROTAM (Rondas Ostensivas [&hellip;]<\/p>\n","protected":false},"author":2,"featured_media":36580,"comment_status":"open","ping_status":"open","sticky":false,"template":"","format":"standard","meta":{"footnotes":""},"categories":[2],"tags":[172],"class_list":["post-36579","post","type-post","status-publish","format-standard","has-post-thumbnail","hentry","category-policial","tag-featured"],"amp_enabled":true,"_links":{"self":[{"href":"https:\/\/radiostudiow.com.br\/site\/wp-json\/wp\/v2\/posts\/36579","targetHints":{"allow":["GET"]}}],"collection":[{"href":"https:\/\/radiostudiow.com.br\/site\/wp-json\/wp\/v2\/posts"}],"about":[{"href":"https:\/\/radiostudiow.com.br\/site\/wp-json\/wp\/v2\/types\/post"}],"author":[{"embeddable":true,"href":"https:\/\/radiostudiow.com.br\/site\/wp-json\/wp\/v2\/users\/2"}],"replies":[{"embeddable":true,"href":"https:\/\/radiostudiow.com.br\/site\/wp-json\/wp\/v2\/comments?post=36579"}],"version-history":[{"count":1,"href":"https:\/\/radiostudiow.com.br\/site\/wp-json\/wp\/v2\/posts\/36579\/revisions"}],"predecessor-version":[{"id":36581,"href":"https:\/\/radiostudiow.com.br\/site\/wp-json\/wp\/v2\/posts\/36579\/revisions\/36581"}],"wp:featuredmedia":[{"embeddable":true,"href":"https:\/\/radiostudiow.com.br\/site\/wp-json\/wp\/v2\/media\/36580"}],"wp:attachment":[{"href":"https:\/\/radiostudiow.com.br\/site\/wp-json\/wp\/v2\/media?parent=36579"}],"wp:term":[{"taxonomy":"category","embeddable":true,"href":"https:\/\/radiostudiow.com.br\/site\/wp-json\/wp\/v2\/categories?post=36579"},{"taxonomy":"post_tag","embeddable":true,"href":"https:\/\/radiostudiow.com.br\/site\/wp-json\/wp\/v2\/tags?post=36579"}],"curies":[{"name":"wp","href":"https:\/\/api.w.org\/{rel}","templated":true}]}}