{"id":36582,"date":"2025-04-07T11:43:39","date_gmt":"2025-04-07T14:43:39","guid":{"rendered":"https:\/\/radiostudiow.com.br\/site\/?p=36582"},"modified":"2025-04-07T11:43:39","modified_gmt":"2025-04-07T14:43:39","slug":"policia-militar-ambiental-apreende-armas-e-serraria-movel-em-guarapuava-e-telemaco-borba","status":"publish","type":"post","link":"https:\/\/radiostudiow.com.br\/site\/2025\/04\/07\/policia-militar-ambiental-apreende-armas-e-serraria-movel-em-guarapuava-e-telemaco-borba\/","title":{"rendered":"POLICIA MILITAR AMBIENTAL APREENDE ARMAS E SERRARIA M\u00d3VEL EM GUARAPUAVA E TEL\u00caMACO BORBA"},"content":{"rendered":"\n<p><\/p>\n\n\n\n<figure class=\"wp-block-image size-full\"><img loading=\"lazy\" decoding=\"async\" width=\"897\" height=\"204\" src=\"https:\/\/radiostudiow.com.br\/site\/wp-content\/uploads\/2025\/03\/SITE-GRANDE5.png\" alt=\"\" class=\"wp-image-35420\" srcset=\"https:\/\/radiostudiow.com.br\/site\/wp-content\/uploads\/2025\/03\/SITE-GRANDE5.png 897w, https:\/\/radiostudiow.com.br\/site\/wp-content\/uploads\/2025\/03\/SITE-GRANDE5-300x68.png 300w, https:\/\/radiostudiow.com.br\/site\/wp-content\/uploads\/2025\/03\/SITE-GRANDE5-768x175.png 768w\" sizes=\"auto, (max-width: 897px) 100vw, 897px\" \/><\/figure>\n\n\n\n<p><\/p>\n\n\n\n<p>Em resposta a uma den\u00fancia sobre o corte irregular de vegeta\u00e7\u00e3o nativa no distrito de Entre Rios, policiais militares ambientais realizaram uma opera\u00e7\u00e3o que resultou na apreens\u00e3o de uma serraria m\u00f3vel e madeiras serradas de pinheiro arauc\u00e1ria, uma esp\u00e9cie amea\u00e7ada de extin\u00e7\u00e3o. Durante a abordagem, o respons\u00e1vel pelo local foi encontrado em posse de uma arma de fogo.<\/p>\n\n\n\n<p>Diante das evid\u00eancias, o homem foi preso em flagrante por porte ilegal de arma de fogo e por operar a serraria m\u00f3vel sem a devida licen\u00e7a.<\/p>\n\n\n\n<p><\/p>\n\n\n\n<figure class=\"wp-block-image size-large\"><img loading=\"lazy\" decoding=\"async\" width=\"1024\" height=\"768\" src=\"https:\/\/radiostudiow.com.br\/site\/wp-content\/uploads\/2025\/04\/86a44dfd-0810-4f30-8e52-a5723e2dc107-1024x768.jpg\" alt=\"\" class=\"wp-image-36583\" srcset=\"https:\/\/radiostudiow.com.br\/site\/wp-content\/uploads\/2025\/04\/86a44dfd-0810-4f30-8e52-a5723e2dc107-1024x768.jpg 1024w, https:\/\/radiostudiow.com.br\/site\/wp-content\/uploads\/2025\/04\/86a44dfd-0810-4f30-8e52-a5723e2dc107-300x225.jpg 300w, https:\/\/radiostudiow.com.br\/site\/wp-content\/uploads\/2025\/04\/86a44dfd-0810-4f30-8e52-a5723e2dc107-768x576.jpg 768w, https:\/\/radiostudiow.com.br\/site\/wp-content\/uploads\/2025\/04\/86a44dfd-0810-4f30-8e52-a5723e2dc107.jpg 1280w\" sizes=\"auto, (max-width: 1024px) 100vw, 1024px\" \/><\/figure>\n\n\n\n<p><\/p>\n\n\n\n<p>Al\u00e9m disso, no munic\u00edpio de Tel\u00eamaco Borba, outro homem foi preso em flagrante por porte ilegal de arma de fogo. Policiais militares ambientais abordaram um ve\u00edculo que trafegava nas proximidades da Usina Hidrel\u00e9trica de Mau\u00e1 e, durante a revista, encontraram uma espingarda e muni\u00e7\u00f5es.<\/p>\n\n\n\n<p>Em ambas as situa\u00e7\u00f5es, os detidos foram encaminhados \u00e0 delegacia da Pol\u00edcia Civil para os procedimentos legais cab\u00edveis. As a\u00e7\u00f5es destacam o compromisso das autoridades em combater pr\u00e1ticas ilegais que amea\u00e7am o meio ambiente e a seguran\u00e7a p\u00fablica.<\/p>\n\n\n\n<p>Resultados:<br>\u2705 02 presos;<br>\u2705 01 pistola 9 mm apreendida;<br>\u2705 35 muni\u00e7\u00f5es de 9 mm;<br>\u2705 3,67 metros c\u00fabicos de madeira serrada;<br>\u2705 01 serraria m\u00f3vel apreendida;<br>\u2705 01 trator apreendido;<br>\u2705 Autua\u00e7\u00e3o ambiental no valor de R$ 1.200,00.<br>\u2705 01 espingarda calibre 22;<br>\u2705 48 muni\u00e7\u00f5es calibre 22.<\/p>\n\n\n\n<p><\/p>\n\n\n\n<figure class=\"wp-block-image size-large\"><img loading=\"lazy\" decoding=\"async\" width=\"768\" height=\"1024\" src=\"https:\/\/radiostudiow.com.br\/site\/wp-content\/uploads\/2025\/04\/c6f6ea6d-26b1-4f64-8cbf-29b0d02218a4-768x1024.jpg\" alt=\"\" class=\"wp-image-36584\" srcset=\"https:\/\/radiostudiow.com.br\/site\/wp-content\/uploads\/2025\/04\/c6f6ea6d-26b1-4f64-8cbf-29b0d02218a4-768x1024.jpg 768w, https:\/\/radiostudiow.com.br\/site\/wp-content\/uploads\/2025\/04\/c6f6ea6d-26b1-4f64-8cbf-29b0d02218a4-225x300.jpg 225w, https:\/\/radiostudiow.com.br\/site\/wp-content\/uploads\/2025\/04\/c6f6ea6d-26b1-4f64-8cbf-29b0d02218a4-1152x1536.jpg 1152w, https:\/\/radiostudiow.com.br\/site\/wp-content\/uploads\/2025\/04\/c6f6ea6d-26b1-4f64-8cbf-29b0d02218a4-1536x2048.jpg 1536w, https:\/\/radiostudiow.com.br\/site\/wp-content\/uploads\/2025\/04\/c6f6ea6d-26b1-4f64-8cbf-29b0d02218a4-scaled.jpg 1919w\" sizes=\"auto, (max-width: 768px) 100vw, 768px\" \/><\/figure>\n\n\n\n<p><\/p>\n\n\n\n<figure class=\"wp-block-image size-full\"><img decoding=\"async\" src=\"https:\/\/radiostudiow.com.br\/site\/wp-content\/uploads\/2022\/05\/NUTRI-MALLET.jpg\" alt=\"\" class=\"wp-image-7282\"\/><\/figure>\n\n\n\n<p><\/p>\n\n\n\n<figure class=\"wp-block-image size-full\"><img loading=\"lazy\" decoding=\"async\" width=\"769\" height=\"464\" src=\"https:\/\/radiostudiow.com.br\/site\/wp-content\/uploads\/2025\/04\/3a5a90cd-cced-47b0-95b6-db3b932827a3.jpg\" alt=\"\" class=\"wp-image-36585\" srcset=\"https:\/\/radiostudiow.com.br\/site\/wp-content\/uploads\/2025\/04\/3a5a90cd-cced-47b0-95b6-db3b932827a3.jpg 769w, https:\/\/radiostudiow.com.br\/site\/wp-content\/uploads\/2025\/04\/3a5a90cd-cced-47b0-95b6-db3b932827a3-300x181.jpg 300w, https:\/\/radiostudiow.com.br\/site\/wp-content\/uploads\/2025\/04\/3a5a90cd-cced-47b0-95b6-db3b932827a3-400x240.jpg 400w\" sizes=\"auto, (max-width: 769px) 100vw, 769px\" \/><\/figure>\n\n\n\n<p><\/p>\n\n\n\n<p>Pol\u00edcia Militar do Paran\u00e1, n\u00f3s fazemos a diferen\u00e7a!<\/p>\n","protected":false},"excerpt":{"rendered":"<p>Em resposta a uma den\u00fancia sobre o corte irregular de vegeta\u00e7\u00e3o nativa no distrito de Entre Rios, policiais militares ambientais realizaram uma opera\u00e7\u00e3o que resultou na apreens\u00e3o de uma serraria m\u00f3vel e madeiras serradas de pinheiro arauc\u00e1ria, uma esp\u00e9cie amea\u00e7ada de extin\u00e7\u00e3o. Durante a abordagem, o respons\u00e1vel pelo local foi encontrado em posse de uma [&hellip;]<\/p>\n","protected":false},"author":2,"featured_media":36586,"comment_status":"open","ping_status":"open","sticky":false,"template":"","format":"standard","meta":{"footnotes":""},"categories":[7,2],"tags":[172],"class_list":["post-36582","post","type-post","status-publish","format-standard","has-post-thumbnail","hentry","category-geral","category-policial","tag-featured"],"amp_enabled":true,"_links":{"self":[{"href":"https:\/\/radiostudiow.com.br\/site\/wp-json\/wp\/v2\/posts\/36582","targetHints":{"allow":["GET"]}}],"collection":[{"href":"https:\/\/radiostudiow.com.br\/site\/wp-json\/wp\/v2\/posts"}],"about":[{"href":"https:\/\/radiostudiow.com.br\/site\/wp-json\/wp\/v2\/types\/post"}],"author":[{"embeddable":true,"href":"https:\/\/radiostudiow.com.br\/site\/wp-json\/wp\/v2\/users\/2"}],"replies":[{"embeddable":true,"href":"https:\/\/radiostudiow.com.br\/site\/wp-json\/wp\/v2\/comments?post=36582"}],"version-history":[{"count":1,"href":"https:\/\/radiostudiow.com.br\/site\/wp-json\/wp\/v2\/posts\/36582\/revisions"}],"predecessor-version":[{"id":36587,"href":"https:\/\/radiostudiow.com.br\/site\/wp-json\/wp\/v2\/posts\/36582\/revisions\/36587"}],"wp:featuredmedia":[{"embeddable":true,"href":"https:\/\/radiostudiow.com.br\/site\/wp-json\/wp\/v2\/media\/36586"}],"wp:attachment":[{"href":"https:\/\/radiostudiow.com.br\/site\/wp-json\/wp\/v2\/media?parent=36582"}],"wp:term":[{"taxonomy":"category","embeddable":true,"href":"https:\/\/radiostudiow.com.br\/site\/wp-json\/wp\/v2\/categories?post=36582"},{"taxonomy":"post_tag","embeddable":true,"href":"https:\/\/radiostudiow.com.br\/site\/wp-json\/wp\/v2\/tags?post=36582"}],"curies":[{"name":"wp","href":"https:\/\/api.w.org\/{rel}","templated":true}]}}