{"id":36594,"date":"2025-04-07T20:45:00","date_gmt":"2025-04-07T23:45:00","guid":{"rendered":"https:\/\/radiostudiow.com.br\/site\/?p=36594"},"modified":"2025-04-07T17:38:26","modified_gmt":"2025-04-07T20:38:26","slug":"homem-e-agredido-ao-tentar-acessar-terreno-de-sua-propriedade-em-mallet","status":"publish","type":"post","link":"https:\/\/radiostudiow.com.br\/site\/2025\/04\/07\/homem-e-agredido-ao-tentar-acessar-terreno-de-sua-propriedade-em-mallet\/","title":{"rendered":"Homem \u00e9 agredido ao tentar acessar terreno de sua propriedade em Mallet"},"content":{"rendered":"\n<p><\/p>\n\n\n\n<figure class=\"wp-block-image size-full\"><img decoding=\"async\" src=\"https:\/\/radiostudiow.com.br\/site\/wp-content\/uploads\/2024\/01\/SITE-GRANDE.png\" alt=\"\" class=\"wp-image-18949\"\/><\/figure>\n\n\n\n<h3 class=\"wp-block-heading\">V\u00edtima procurou a Pol\u00edcia Militar ap\u00f3s ser expulsa e agredida por morador que vive no local h\u00e1 anos<\/h3>\n\n\n\n<p><\/p>\n\n\n\n<p>Na tarde deste s\u00e1bado (05), por volta das 15h30, um homem compareceu ao pelot\u00e3o da Pol\u00edcia Militar de Mallet para registrar um boletim de ocorr\u00eancia ap\u00f3s ser agredido em um terreno de sua propriedade.<\/p>\n\n\n\n<p>De acordo com o relato da v\u00edtima, o terreno est\u00e1 localizado nas proximidades do gin\u00e1sio de esportes do munic\u00edpio e, h\u00e1 alguns anos, um homem passou a residir no local. Ao se dirigir aos fundos da propriedade nesta data, o propriet\u00e1rio foi surpreendido pelo indiv\u00edduo, que o expulsou de forma violenta, ordenando que \u201csumisse dali\u201d.<\/p>\n\n\n\n<p><\/p>\n\n\n\n<figure class=\"wp-block-image size-full\"><img loading=\"lazy\" decoding=\"async\" width=\"897\" height=\"204\" src=\"https:\/\/radiostudiow.com.br\/site\/wp-content\/uploads\/2025\/02\/SITE-GRANDE7.png\" alt=\"\" class=\"wp-image-33861\" srcset=\"https:\/\/radiostudiow.com.br\/site\/wp-content\/uploads\/2025\/02\/SITE-GRANDE7.png 897w, https:\/\/radiostudiow.com.br\/site\/wp-content\/uploads\/2025\/02\/SITE-GRANDE7-300x68.png 300w, https:\/\/radiostudiow.com.br\/site\/wp-content\/uploads\/2025\/02\/SITE-GRANDE7-768x175.png 768w\" sizes=\"auto, (max-width: 897px) 100vw, 897px\" \/><\/figure>\n\n\n\n<p><\/p>\n\n\n\n<p>A situa\u00e7\u00e3o ficou ainda mais grave quando, segundo a v\u00edtima, o agressor o agarrou pelo pesco\u00e7o, desferiu chutes contra seu corpo e o derrubou no ch\u00e3o. Ap\u00f3s conseguir se desvencilhar, o homem fugiu do local e procurou imediatamente a Pol\u00edcia Militar.<\/p>\n\n\n\n<p>A PM registrou o boletim de ocorr\u00eancia e orientou a v\u00edtima quanto \u00e0s medidas legais cab\u00edveis. <\/p>\n","protected":false},"excerpt":{"rendered":"<p>V\u00edtima procurou a Pol\u00edcia Militar ap\u00f3s ser expulsa e agredida por morador que vive no local h\u00e1 anos Na tarde deste s\u00e1bado (05), por volta das 15h30, um homem compareceu ao pelot\u00e3o da Pol\u00edcia Militar de Mallet para registrar um boletim de ocorr\u00eancia ap\u00f3s ser agredido em um terreno de sua propriedade. De acordo com [&hellip;]<\/p>\n","protected":false},"author":2,"featured_media":36595,"comment_status":"open","ping_status":"open","sticky":false,"template":"","format":"standard","meta":{"footnotes":""},"categories":[184],"tags":[172],"class_list":["post-36594","post","type-post","status-publish","format-standard","has-post-thumbnail","hentry","category-local","tag-featured"],"amp_enabled":true,"_links":{"self":[{"href":"https:\/\/radiostudiow.com.br\/site\/wp-json\/wp\/v2\/posts\/36594","targetHints":{"allow":["GET"]}}],"collection":[{"href":"https:\/\/radiostudiow.com.br\/site\/wp-json\/wp\/v2\/posts"}],"about":[{"href":"https:\/\/radiostudiow.com.br\/site\/wp-json\/wp\/v2\/types\/post"}],"author":[{"embeddable":true,"href":"https:\/\/radiostudiow.com.br\/site\/wp-json\/wp\/v2\/users\/2"}],"replies":[{"embeddable":true,"href":"https:\/\/radiostudiow.com.br\/site\/wp-json\/wp\/v2\/comments?post=36594"}],"version-history":[{"count":1,"href":"https:\/\/radiostudiow.com.br\/site\/wp-json\/wp\/v2\/posts\/36594\/revisions"}],"predecessor-version":[{"id":36596,"href":"https:\/\/radiostudiow.com.br\/site\/wp-json\/wp\/v2\/posts\/36594\/revisions\/36596"}],"wp:featuredmedia":[{"embeddable":true,"href":"https:\/\/radiostudiow.com.br\/site\/wp-json\/wp\/v2\/media\/36595"}],"wp:attachment":[{"href":"https:\/\/radiostudiow.com.br\/site\/wp-json\/wp\/v2\/media?parent=36594"}],"wp:term":[{"taxonomy":"category","embeddable":true,"href":"https:\/\/radiostudiow.com.br\/site\/wp-json\/wp\/v2\/categories?post=36594"},{"taxonomy":"post_tag","embeddable":true,"href":"https:\/\/radiostudiow.com.br\/site\/wp-json\/wp\/v2\/tags?post=36594"}],"curies":[{"name":"wp","href":"https:\/\/api.w.org\/{rel}","templated":true}]}}