{"id":36601,"date":"2025-04-07T17:56:37","date_gmt":"2025-04-07T20:56:37","guid":{"rendered":"https:\/\/radiostudiow.com.br\/site\/?p=36601"},"modified":"2025-04-07T18:00:53","modified_gmt":"2025-04-07T21:00:53","slug":"capotamento-na-pr-364-em-irati-deixa-tres-pessoas-feridas","status":"publish","type":"post","link":"https:\/\/radiostudiow.com.br\/site\/2025\/04\/07\/capotamento-na-pr-364-em-irati-deixa-tres-pessoas-feridas\/","title":{"rendered":"Capotamento na PR-364 em Irati deixa tr\u00eas pessoas feridas"},"content":{"rendered":"\n<p><\/p>\n\n\n\n<figure class=\"wp-block-image size-full\"><img loading=\"lazy\" decoding=\"async\" width=\"897\" height=\"204\" src=\"https:\/\/radiostudiow.com.br\/site\/wp-content\/uploads\/2025\/03\/BARAO-NOVO-NOTICIAS-1.jpg\" alt=\"\" class=\"wp-image-35084\" srcset=\"https:\/\/radiostudiow.com.br\/site\/wp-content\/uploads\/2025\/03\/BARAO-NOVO-NOTICIAS-1.jpg 897w, https:\/\/radiostudiow.com.br\/site\/wp-content\/uploads\/2025\/03\/BARAO-NOVO-NOTICIAS-1-300x68.jpg 300w, https:\/\/radiostudiow.com.br\/site\/wp-content\/uploads\/2025\/03\/BARAO-NOVO-NOTICIAS-1-768x175.jpg 768w\" sizes=\"auto, (max-width: 897px) 100vw, 897px\" \/><\/figure>\n\n\n\n<p><\/p>\n\n\n\n<h2 class=\"wp-block-heading\"><em>Acidente aconteceu na manh\u00e3 deste s\u00e1bado (6); v\u00edtimas foram encaminhadas \u00e0 Santa Casa de Irati<\/em><\/h2>\n\n\n\n<p><\/p>\n\n\n\n<p>Na manh\u00e3 deste s\u00e1bado (6), um capotamento registrado na PR-364, no quil\u00f4metro 71, em Irati, deixou tr\u00eas pessoas feridas. <\/p>\n\n\n\n<p>O acidente ocorreu por volta das 11h20min e envolveu um ve\u00edculo VolksWagen  Gol.<\/p>\n\n\n\n<p>De acordo com informa\u00e7\u00f5es colhidas no local pelas autoridades, o ve\u00edculo trafegava pela rodovia estadual quando, por raz\u00f5es ainda n\u00e3o informadas, acabou capotando.<\/p>\n\n\n\n<p>A condutora do carro, uma mulher de 36 anos, sofreu ferimentos leves e foi encaminhada \u00e0 Santa Casa de Irati.<\/p>\n\n\n\n<p> No ve\u00edculo tamb\u00e9m estavam dois passageiros: uma mulher de 46 anos, que teve ferimentos de m\u00e9dia gravidade, e um menino de 11 anos, que sofreu ferimentos leves. Ambos tamb\u00e9m foram levados ao mesmo hospital para atendimento m\u00e9dico.<\/p>\n\n\n\n<p><\/p>\n\n\n\n<figure class=\"wp-block-image size-full\"><img loading=\"lazy\" decoding=\"async\" width=\"897\" height=\"204\" src=\"https:\/\/radiostudiow.com.br\/site\/wp-content\/uploads\/2025\/01\/SITE-GRANDE3.png\" alt=\"\" class=\"wp-image-32900\" srcset=\"https:\/\/radiostudiow.com.br\/site\/wp-content\/uploads\/2025\/01\/SITE-GRANDE3.png 897w, https:\/\/radiostudiow.com.br\/site\/wp-content\/uploads\/2025\/01\/SITE-GRANDE3-300x68.png 300w, https:\/\/radiostudiow.com.br\/site\/wp-content\/uploads\/2025\/01\/SITE-GRANDE3-768x175.png 768w\" sizes=\"auto, (max-width: 897px) 100vw, 897px\" \/><\/figure>\n\n\n\n<p><\/p>\n\n\n\n<p>As causas do acidente ser\u00e3o apuradas pelas autoridades competentes. O trecho da rodovia onde ocorreu o sinistro chegou a registrar lentid\u00e3o durante o atendimento da ocorr\u00eancia.<\/p>\n\n\n\n<p><\/p>\n\n\n\n<p><strong>INFORMA\u00c7\u00d5ES: REP\u00d3RTER KIKO DE OLIVEIRA<\/strong><\/p>\n","protected":false},"excerpt":{"rendered":"<p>Acidente aconteceu na manh\u00e3 deste s\u00e1bado (6); v\u00edtimas foram encaminhadas \u00e0 Santa Casa de Irati Na manh\u00e3 deste s\u00e1bado (6), um capotamento registrado na PR-364, no quil\u00f4metro 71, em Irati, deixou tr\u00eas pessoas feridas. O acidente ocorreu por volta das 11h20min e envolveu um ve\u00edculo VolksWagen Gol. De acordo com informa\u00e7\u00f5es colhidas no local pelas [&hellip;]<\/p>\n","protected":false},"author":2,"featured_media":36602,"comment_status":"open","ping_status":"open","sticky":false,"template":"","format":"standard","meta":{"footnotes":""},"categories":[185],"tags":[172],"class_list":["post-36601","post","type-post","status-publish","format-standard","has-post-thumbnail","hentry","category-regional","tag-featured"],"amp_enabled":true,"_links":{"self":[{"href":"https:\/\/radiostudiow.com.br\/site\/wp-json\/wp\/v2\/posts\/36601","targetHints":{"allow":["GET"]}}],"collection":[{"href":"https:\/\/radiostudiow.com.br\/site\/wp-json\/wp\/v2\/posts"}],"about":[{"href":"https:\/\/radiostudiow.com.br\/site\/wp-json\/wp\/v2\/types\/post"}],"author":[{"embeddable":true,"href":"https:\/\/radiostudiow.com.br\/site\/wp-json\/wp\/v2\/users\/2"}],"replies":[{"embeddable":true,"href":"https:\/\/radiostudiow.com.br\/site\/wp-json\/wp\/v2\/comments?post=36601"}],"version-history":[{"count":2,"href":"https:\/\/radiostudiow.com.br\/site\/wp-json\/wp\/v2\/posts\/36601\/revisions"}],"predecessor-version":[{"id":36605,"href":"https:\/\/radiostudiow.com.br\/site\/wp-json\/wp\/v2\/posts\/36601\/revisions\/36605"}],"wp:featuredmedia":[{"embeddable":true,"href":"https:\/\/radiostudiow.com.br\/site\/wp-json\/wp\/v2\/media\/36602"}],"wp:attachment":[{"href":"https:\/\/radiostudiow.com.br\/site\/wp-json\/wp\/v2\/media?parent=36601"}],"wp:term":[{"taxonomy":"category","embeddable":true,"href":"https:\/\/radiostudiow.com.br\/site\/wp-json\/wp\/v2\/categories?post=36601"},{"taxonomy":"post_tag","embeddable":true,"href":"https:\/\/radiostudiow.com.br\/site\/wp-json\/wp\/v2\/tags?post=36601"}],"curies":[{"name":"wp","href":"https:\/\/api.w.org\/{rel}","templated":true}]}}