{"id":36617,"date":"2025-04-07T18:48:17","date_gmt":"2025-04-07T21:48:17","guid":{"rendered":"https:\/\/radiostudiow.com.br\/site\/?p=36617"},"modified":"2025-04-07T18:48:17","modified_gmt":"2025-04-07T21:48:17","slug":"com-62-obitos-por-covid-19-em-2025-secretaria-estadual-da-saude-reforca-importancia-da-vacina","status":"publish","type":"post","link":"https:\/\/radiostudiow.com.br\/site\/2025\/04\/07\/com-62-obitos-por-covid-19-em-2025-secretaria-estadual-da-saude-reforca-importancia-da-vacina\/","title":{"rendered":"Com 62 \u00f3bitos por Covid-19 em 2025, Secretaria Estadual da Sa\u00fade refor\u00e7a import\u00e2ncia da vacina"},"content":{"rendered":"\n<p>De janeiro a mar\u00e7o deste ano, o Paran\u00e1 registrou 12.945 casos e 62 mortes por Covid-19. O n\u00famero de \u00f3bitos \u00e9 tr\u00eas vezes maior do que as mortes registradas por dengue no mesmo per\u00edodo no Estado (19 casos). Os dados fazem parte de um levantamento da Secretaria de Estado da Sa\u00fade do Paran\u00e1 (Sesa) e alertam para a import\u00e2ncia da vacina\u00e7\u00e3o contra a Covid-19, mesmo ap\u00f3s o fim da pandemia.<\/p>\n\n\n\n<p>Em rela\u00e7\u00e3o ao mesmo per\u00edodo do ano passado (janeiro ao come\u00e7o de abril), com 55.147 casos e 153 \u00f3bitos, houve uma diminui\u00e7\u00e3o significativa, mas ao longo de 2024 foram 104.959&nbsp;casos e 277&nbsp;\u00f3bitos no Paran\u00e1, patamares ainda muito altos.<\/p>\n\n\n\n<p>O agravamento dos casos de Covid-19 pode ser prevenido com a imuniza\u00e7\u00e3o. A vacina que previne a doen\u00e7a est\u00e1 dispon\u00edvel em todo o Estado e a popula\u00e7\u00e3o deve ficar atenta para manter o refor\u00e7o do imunizante no per\u00edodo indicado para cada grupo.<\/p>\n\n\n\n<figure class=\"wp-block-image size-full\"><img loading=\"lazy\" decoding=\"async\" width=\"598\" height=\"204\" src=\"https:\/\/radiostudiow.com.br\/site\/wp-content\/uploads\/2025\/01\/SITE-MEDIO.png\" alt=\"\" class=\"wp-image-32810\" srcset=\"https:\/\/radiostudiow.com.br\/site\/wp-content\/uploads\/2025\/01\/SITE-MEDIO.png 598w, https:\/\/radiostudiow.com.br\/site\/wp-content\/uploads\/2025\/01\/SITE-MEDIO-300x102.png 300w\" sizes=\"auto, (max-width: 598px) 100vw, 598px\" \/><\/figure>\n\n\n\n<blockquote class=\"wp-block-quote is-layout-flow wp-block-quote-is-layout-flow\">\n<p><em>\u201cH\u00e1 alguns anos havia uma ansiedade muito grande pela vacina contra a Covid-19 e depois, com a normaliza\u00e7\u00e3o do v\u00edrus, as pessoas infelizmente deixaram de se vacinar. \u00c9 importante relembrar que a doen\u00e7a continua circulando em todo o mundo e aqui n\u00e3o \u00e9 diferente. Temos vacinas dispon\u00edveis e vacina boa \u00e9 vacina no bra\u00e7o, por isso pedimos que quem ainda n\u00e3o atualizou a carteirinha, procure uma unidade de sa\u00fade mais pr\u00f3xima e fa\u00e7a a imuniza\u00e7\u00e3o\u201d, disse o secret\u00e1rio de Estado da Sa\u00fade, Beto Preto.<\/em><\/p>\n<\/blockquote>\n\n\n\n<p>A vacina \u00e9 indicada para crian\u00e7as de seis meses a menores de cinco anos com duas e tr\u00eas doses, dependendo do fabricante do imunizante dispon\u00edvel, idosos acima de 60 anos com duas doses por ano, gestantes com uma dose por gesta\u00e7\u00e3o, grupos especiais com uma dose por ano (trabalhadores de sa\u00fade, por exemplo), pessoas imunocomprometidas (a partir de seis meses de idade) primeiramente com tr\u00eas doses no esquema prim\u00e1rio e depois com duas doses anuais, popula\u00e7\u00e3o geral de cinco a 59 anos de idade com uma dose por ano.<\/p>\n\n\n\n<p>Com mais de 18,8 milh\u00f5es de doses aplicadas, a cobertura vacinal geral da Covid-19 no Paran\u00e1 \u00e9 de 88,11% com duas doses, 57,77% com tr\u00eas doses e apenas 20,57% com quatro doses. A maior preocupa\u00e7\u00e3o \u00e9 com as crian\u00e7as abaixo de cinco anos de idade. No grupo de seis meses a dois anos, apenas 41,8% tomaram duas doses e 14,2% tiveram tr\u00eas doses. J\u00e1 na faixa et\u00e1ria de tr\u00eas a cinco anos, 33,9% possuem duas doses e 16,6% tem tr\u00eas doses. Os dados podem ser consultados&nbsp;<strong><a href=\"https:\/\/infoms.saude.gov.br\/extensions\/SEIDIGI_DEMAS_COBERTURA_COVID_RESIDENCIA\/SEIDIGI_DEMAS_COBERTURA_COVID_RESIDENCIA.html\" target=\"_blank\" rel=\"noreferrer noopener\">AQUI<\/a><\/strong>.<\/p>\n\n\n\n<figure class=\"wp-block-image size-full\"><img loading=\"lazy\" decoding=\"async\" width=\"897\" height=\"204\" src=\"https:\/\/radiostudiow.com.br\/site\/wp-content\/uploads\/2025\/01\/SITE-GRANDE3.png\" alt=\"\" class=\"wp-image-32900\" srcset=\"https:\/\/radiostudiow.com.br\/site\/wp-content\/uploads\/2025\/01\/SITE-GRANDE3.png 897w, https:\/\/radiostudiow.com.br\/site\/wp-content\/uploads\/2025\/01\/SITE-GRANDE3-300x68.png 300w, https:\/\/radiostudiow.com.br\/site\/wp-content\/uploads\/2025\/01\/SITE-GRANDE3-768x175.png 768w\" sizes=\"auto, (max-width: 897px) 100vw, 897px\" \/><\/figure>\n\n\n\n<p><strong>\u00d3BITOS DE IDOSOS<\/strong>&nbsp;\u2013 Dentre os \u00f3bitos, 51 s\u00e3o de idosos. Dois deles n\u00e3o tinham nenhum registro de vacina; 49 tinham tomado pelo menos uma dose, mas apenas quatro tinham vacinas registradas nos primeiros meses de 2024, ou seja, todos os \u00f3bitos nesta faixa et\u00e1ria n\u00e3o estavam com a dose de refor\u00e7o em dia, e, portanto, estavam desprotegidos.<\/p>\n\n\n\n<p>Tr\u00eas mortes foram na faixa et\u00e1ria de 20 a 49 anos, um com vacina em 2021, outro em 2022 e outro em 2024. Na faixa et\u00e1ria de 50 a 59 anos, quatro pessoas morreram, todas elas n\u00e3o tinham vacinas registradas desde 2022. Os quatro \u00f3bitos de crian\u00e7as (tr\u00eas de 1 a 4 anos e um de 11 meses de idade) n\u00e3o tinham registro de vacina.<\/p>\n\n\n\n<p><em>Com informa\u00e7\u00f5es AEN<\/em><\/p>\n","protected":false},"excerpt":{"rendered":"<p>De janeiro a mar\u00e7o deste ano, o Paran\u00e1 registrou 12.945 casos e 62 mortes por Covid-19. O n\u00famero de \u00f3bitos \u00e9 tr\u00eas vezes maior do que as mortes registradas por dengue no mesmo per\u00edodo no Estado (19 casos). Os dados fazem parte de um levantamento da Secretaria de Estado da Sa\u00fade do Paran\u00e1 (Sesa) e [&hellip;]<\/p>\n","protected":false},"author":2,"featured_media":36618,"comment_status":"open","ping_status":"open","sticky":false,"template":"","format":"standard","meta":{"footnotes":""},"categories":[182],"tags":[172],"class_list":["post-36617","post","type-post","status-publish","format-standard","has-post-thumbnail","hentry","category-saude","tag-featured"],"amp_enabled":true,"_links":{"self":[{"href":"https:\/\/radiostudiow.com.br\/site\/wp-json\/wp\/v2\/posts\/36617","targetHints":{"allow":["GET"]}}],"collection":[{"href":"https:\/\/radiostudiow.com.br\/site\/wp-json\/wp\/v2\/posts"}],"about":[{"href":"https:\/\/radiostudiow.com.br\/site\/wp-json\/wp\/v2\/types\/post"}],"author":[{"embeddable":true,"href":"https:\/\/radiostudiow.com.br\/site\/wp-json\/wp\/v2\/users\/2"}],"replies":[{"embeddable":true,"href":"https:\/\/radiostudiow.com.br\/site\/wp-json\/wp\/v2\/comments?post=36617"}],"version-history":[{"count":1,"href":"https:\/\/radiostudiow.com.br\/site\/wp-json\/wp\/v2\/posts\/36617\/revisions"}],"predecessor-version":[{"id":36619,"href":"https:\/\/radiostudiow.com.br\/site\/wp-json\/wp\/v2\/posts\/36617\/revisions\/36619"}],"wp:featuredmedia":[{"embeddable":true,"href":"https:\/\/radiostudiow.com.br\/site\/wp-json\/wp\/v2\/media\/36618"}],"wp:attachment":[{"href":"https:\/\/radiostudiow.com.br\/site\/wp-json\/wp\/v2\/media?parent=36617"}],"wp:term":[{"taxonomy":"category","embeddable":true,"href":"https:\/\/radiostudiow.com.br\/site\/wp-json\/wp\/v2\/categories?post=36617"},{"taxonomy":"post_tag","embeddable":true,"href":"https:\/\/radiostudiow.com.br\/site\/wp-json\/wp\/v2\/tags?post=36617"}],"curies":[{"name":"wp","href":"https:\/\/api.w.org\/{rel}","templated":true}]}}