{"id":36621,"date":"2025-04-07T19:15:53","date_gmt":"2025-04-07T22:15:53","guid":{"rendered":"https:\/\/radiostudiow.com.br\/site\/?p=36621"},"modified":"2025-04-07T19:15:54","modified_gmt":"2025-04-07T22:15:54","slug":"homem-e-preso-em-flagrante-por-descumprir-medida-protetiva-em-rio-claro-do-sul","status":"publish","type":"post","link":"https:\/\/radiostudiow.com.br\/site\/2025\/04\/07\/homem-e-preso-em-flagrante-por-descumprir-medida-protetiva-em-rio-claro-do-sul\/","title":{"rendered":"Homem \u00e9 preso em flagrante por descumprir medida protetiva em Rio Claro do Sul"},"content":{"rendered":"\n<p><\/p>\n\n\n\n<figure class=\"wp-block-image size-full\"><img loading=\"lazy\" decoding=\"async\" width=\"897\" height=\"204\" src=\"https:\/\/radiostudiow.com.br\/site\/wp-content\/uploads\/2025\/03\/SITE-GRANDE5.png\" alt=\"\" class=\"wp-image-35420\" srcset=\"https:\/\/radiostudiow.com.br\/site\/wp-content\/uploads\/2025\/03\/SITE-GRANDE5.png 897w, https:\/\/radiostudiow.com.br\/site\/wp-content\/uploads\/2025\/03\/SITE-GRANDE5-300x68.png 300w, https:\/\/radiostudiow.com.br\/site\/wp-content\/uploads\/2025\/03\/SITE-GRANDE5-768x175.png 768w\" sizes=\"auto, (max-width: 897px) 100vw, 897px\" \/><\/figure>\n\n\n\n<p><\/p>\n\n\n\n<p><strong>Mallet (PR)<\/strong> \u2013 A Pol\u00edcia Civil do Paran\u00e1 (PCPR), por meio da 10\u00aa Delegacia Regional de Pol\u00edcia de Mallet, prendeu em flagrante, na tarde desta segunda-feira (07), um homem por descumprimento de medida protetiva.<\/p>\n\n\n\n<h2 class=\"wp-block-heading\">A a\u00e7\u00e3o ocorreu por volta das 15h, na Rua Adolfo Rehbein, no Distrito de Rio Claro do Sul.<\/h2>\n\n\n\n<p><\/p>\n\n\n\n<figure class=\"wp-block-image size-full\"><img loading=\"lazy\" decoding=\"async\" width=\"897\" height=\"204\" src=\"https:\/\/radiostudiow.com.br\/site\/wp-content\/uploads\/2025\/03\/image-62.png\" alt=\"\" class=\"wp-image-35859\" srcset=\"https:\/\/radiostudiow.com.br\/site\/wp-content\/uploads\/2025\/03\/image-62.png 897w, https:\/\/radiostudiow.com.br\/site\/wp-content\/uploads\/2025\/03\/image-62-300x68.png 300w, https:\/\/radiostudiow.com.br\/site\/wp-content\/uploads\/2025\/03\/image-62-768x175.png 768w\" sizes=\"auto, (max-width: 897px) 100vw, 897px\" \/><\/figure>\n\n\n\n<p><\/p>\n\n\n\n<p><strong>Segundo informa\u00e7\u00f5es da Pol\u00edcia Civil, o Poder Judici\u00e1rio da Comarca de Mallet j\u00e1 havia determinado o afastamento do acusado da resid\u00eancia onde vivia com a v\u00edtima, como parte de uma medida protetiva.<\/strong><\/p>\n\n\n\n<p>No entanto, ele ignorou a ordem judicial e permaneceu morando nas proximidades da v\u00edtima, descumprindo diretamente a determina\u00e7\u00e3o.<\/p>\n\n\n\n<p>Diante da viola\u00e7\u00e3o, os policiais civis da Delegacia de Mallet cumpriram o mandado de pris\u00e3o sem intercorr\u00eancias. O flagrante foi lavrado ainda na pr\u00f3pria cidade de Mallet.<\/p>\n\n\n\n<p>Ap\u00f3s a pris\u00e3o, o homem foi encaminhado \u00e0 Cadeia P\u00fablica de Uni\u00e3o da Vit\u00f3ria, onde permanece \u00e0 disposi\u00e7\u00e3o da Justi\u00e7a.<\/p>\n\n\n\n<p>Ele aguarda agora a decis\u00e3o do juiz da Comarca de Mallet, que poder\u00e1 definir os pr\u00f3ximos passos do processo.<\/p>\n\n\n\n<p><\/p>\n\n\n\n<p><strong>INFORMA\u00c7\u00d5ES DA 10\u00aa DRP DE MALLET<\/strong><\/p>\n\n\n\n<p><\/p>\n\n\n\n<figure class=\"wp-block-image size-full\"><img loading=\"lazy\" decoding=\"async\" width=\"897\" height=\"204\" src=\"https:\/\/radiostudiow.com.br\/site\/wp-content\/uploads\/2025\/03\/BARAO-NOVO-NOTICIAS-1.jpg\" alt=\"\" class=\"wp-image-35084\" srcset=\"https:\/\/radiostudiow.com.br\/site\/wp-content\/uploads\/2025\/03\/BARAO-NOVO-NOTICIAS-1.jpg 897w, https:\/\/radiostudiow.com.br\/site\/wp-content\/uploads\/2025\/03\/BARAO-NOVO-NOTICIAS-1-300x68.jpg 300w, https:\/\/radiostudiow.com.br\/site\/wp-content\/uploads\/2025\/03\/BARAO-NOVO-NOTICIAS-1-768x175.jpg 768w\" sizes=\"auto, (max-width: 897px) 100vw, 897px\" \/><\/figure>\n\n\n\n<p><\/p>\n\n\n\n<p><\/p>\n\n\n\n<figure class=\"wp-block-image size-full\"><img loading=\"lazy\" decoding=\"async\" width=\"897\" height=\"204\" src=\"https:\/\/radiostudiow.com.br\/site\/wp-content\/uploads\/2025\/02\/SITE-GRANDE7.png\" alt=\"\" class=\"wp-image-33861\" srcset=\"https:\/\/radiostudiow.com.br\/site\/wp-content\/uploads\/2025\/02\/SITE-GRANDE7.png 897w, https:\/\/radiostudiow.com.br\/site\/wp-content\/uploads\/2025\/02\/SITE-GRANDE7-300x68.png 300w, https:\/\/radiostudiow.com.br\/site\/wp-content\/uploads\/2025\/02\/SITE-GRANDE7-768x175.png 768w\" sizes=\"auto, (max-width: 897px) 100vw, 897px\" \/><\/figure>\n","protected":false},"excerpt":{"rendered":"<p>Mallet (PR) \u2013 A Pol\u00edcia Civil do Paran\u00e1 (PCPR), por meio da 10\u00aa Delegacia Regional de Pol\u00edcia de Mallet, prendeu em flagrante, na tarde desta segunda-feira (07), um homem por descumprimento de medida protetiva. A a\u00e7\u00e3o ocorreu por volta das 15h, na Rua Adolfo Rehbein, no Distrito de Rio Claro do Sul. Segundo informa\u00e7\u00f5es da [&hellip;]<\/p>\n","protected":false},"author":2,"featured_media":36622,"comment_status":"open","ping_status":"open","sticky":false,"template":"","format":"standard","meta":{"footnotes":""},"categories":[184],"tags":[172],"class_list":["post-36621","post","type-post","status-publish","format-standard","has-post-thumbnail","hentry","category-local","tag-featured"],"amp_enabled":true,"_links":{"self":[{"href":"https:\/\/radiostudiow.com.br\/site\/wp-json\/wp\/v2\/posts\/36621","targetHints":{"allow":["GET"]}}],"collection":[{"href":"https:\/\/radiostudiow.com.br\/site\/wp-json\/wp\/v2\/posts"}],"about":[{"href":"https:\/\/radiostudiow.com.br\/site\/wp-json\/wp\/v2\/types\/post"}],"author":[{"embeddable":true,"href":"https:\/\/radiostudiow.com.br\/site\/wp-json\/wp\/v2\/users\/2"}],"replies":[{"embeddable":true,"href":"https:\/\/radiostudiow.com.br\/site\/wp-json\/wp\/v2\/comments?post=36621"}],"version-history":[{"count":1,"href":"https:\/\/radiostudiow.com.br\/site\/wp-json\/wp\/v2\/posts\/36621\/revisions"}],"predecessor-version":[{"id":36623,"href":"https:\/\/radiostudiow.com.br\/site\/wp-json\/wp\/v2\/posts\/36621\/revisions\/36623"}],"wp:featuredmedia":[{"embeddable":true,"href":"https:\/\/radiostudiow.com.br\/site\/wp-json\/wp\/v2\/media\/36622"}],"wp:attachment":[{"href":"https:\/\/radiostudiow.com.br\/site\/wp-json\/wp\/v2\/media?parent=36621"}],"wp:term":[{"taxonomy":"category","embeddable":true,"href":"https:\/\/radiostudiow.com.br\/site\/wp-json\/wp\/v2\/categories?post=36621"},{"taxonomy":"post_tag","embeddable":true,"href":"https:\/\/radiostudiow.com.br\/site\/wp-json\/wp\/v2\/tags?post=36621"}],"curies":[{"name":"wp","href":"https:\/\/api.w.org\/{rel}","templated":true}]}}