{"id":36629,"date":"2025-04-08T10:39:10","date_gmt":"2025-04-08T13:39:10","guid":{"rendered":"https:\/\/radiostudiow.com.br\/site\/?p=36629"},"modified":"2025-04-08T10:39:10","modified_gmt":"2025-04-08T13:39:10","slug":"reuniao-sobre-situacao-critica-da-br-476-acontecera-nesta-quarta-9","status":"publish","type":"post","link":"https:\/\/radiostudiow.com.br\/site\/2025\/04\/08\/reuniao-sobre-situacao-critica-da-br-476-acontecera-nesta-quarta-9\/","title":{"rendered":"Reuni\u00e3o sobre situa\u00e7\u00e3o cr\u00edtica da BR-476 acontecer\u00e1 nesta quarta (9)"},"content":{"rendered":"\n<p>Moradores de S\u00e3o Mateus do Sul e regi\u00e3o est\u00e3o sendo chamados para participar de uma reuni\u00e3o p\u00fablica que acontecer\u00e1 nesta\u00a0quarta-feira, 09 de abril, \u00e0s 19 horas, na C\u00e2mara Municipal de Vereadores\u00a0de S\u00e3o Mateus do Sul.<\/p>\n\n\n\n<p>O encontro tem como objetivo discutir a atual situa\u00e7\u00e3o da\u00a0BR-476, rodovia que atravessa a regi\u00e3o e enfrenta s\u00e9rios problemas de infraestrutura.<\/p>\n\n\n\n<figure class=\"wp-block-image size-full\"><img loading=\"lazy\" decoding=\"async\" width=\"598\" height=\"204\" src=\"https:\/\/radiostudiow.com.br\/site\/wp-content\/uploads\/2025\/01\/SITE-MEDIO7.png\" alt=\"\" class=\"wp-image-32801\" srcset=\"https:\/\/radiostudiow.com.br\/site\/wp-content\/uploads\/2025\/01\/SITE-MEDIO7.png 598w, https:\/\/radiostudiow.com.br\/site\/wp-content\/uploads\/2025\/01\/SITE-MEDIO7-300x102.png 300w\" sizes=\"auto, (max-width: 598px) 100vw, 598px\" \/><\/figure>\n\n\n\n<p>Com o tema\u00a0\u201cA BR-476 pede socorro\u201d, a reuni\u00e3o pretende reunir moradores, autoridades locais e representantes de entidades civis para debater o abandono das obras de manuten\u00e7\u00e3o e duplica\u00e7\u00e3o da via, al\u00e9m dos riscos constantes causados pelas p\u00e9ssimas condi\u00e7\u00f5es da estrada. Acidentes t\u00eam se tornado frequentes, muitos deles com v\u00edtimas fatais, o que aumenta ainda mais a indigna\u00e7\u00e3o da comunidade.<\/p>\n\n\n\n<p>A mobiliza\u00e7\u00e3o \u00e9 organizada pela\u00a0Cacesul (C\u00e2mara de Com\u00e9rcio e Ind\u00fastria Sul Paranaense)\u00a0com apoio da C\u00e2mara, que refor\u00e7am a import\u00e2ncia da presen\u00e7a da popula\u00e7\u00e3o para pressionar as autoridades por\u00a0a\u00e7\u00f5es imediatas.<\/p>\n\n\n\n<figure class=\"wp-block-image size-full\"><img loading=\"lazy\" decoding=\"async\" width=\"900\" height=\"408\" src=\"https:\/\/radiostudiow.com.br\/site\/wp-content\/uploads\/2025\/03\/SITE-E-TV-1.png\" alt=\"\" class=\"wp-image-35744\" srcset=\"https:\/\/radiostudiow.com.br\/site\/wp-content\/uploads\/2025\/03\/SITE-E-TV-1.png 900w, https:\/\/radiostudiow.com.br\/site\/wp-content\/uploads\/2025\/03\/SITE-E-TV-1-300x136.png 300w, https:\/\/radiostudiow.com.br\/site\/wp-content\/uploads\/2025\/03\/SITE-E-TV-1-768x348.png 768w\" sizes=\"auto, (max-width: 900px) 100vw, 900px\" \/><\/figure>\n\n\n\n<p><em><strong>\u201c\u00c9 um momento de uni\u00e3o. Precisamos levar nossas vozes, mostrar nossa indigna\u00e7\u00e3o e exigir provid\u00eancias. A BR-476 n\u00e3o pode continuar sendo negligenciada\u201d,<\/strong> destaca a organiza\u00e7\u00e3o do evento.<\/em><\/p>\n\n\n\n<p>Todos os moradores est\u00e3o convidados a participar e tamb\u00e9m a mobilizar familiares, amigos e vizinhos. A expectativa \u00e9 de que a reuni\u00e3o resulte em encaminhamentos concretos para a melhoria da rodovia, que \u00e9 vital para a seguran\u00e7a e o desenvolvimento da regi\u00e3o.<\/p>\n\n\n\n<p><\/p>\n","protected":false},"excerpt":{"rendered":"<p>Moradores de S\u00e3o Mateus do Sul e regi\u00e3o est\u00e3o sendo chamados para participar de uma reuni\u00e3o p\u00fablica que acontecer\u00e1 nesta\u00a0quarta-feira, 09 de abril, \u00e0s 19 horas, na C\u00e2mara Municipal de Vereadores\u00a0de S\u00e3o Mateus do Sul. O encontro tem como objetivo discutir a atual situa\u00e7\u00e3o da\u00a0BR-476, rodovia que atravessa a regi\u00e3o e enfrenta s\u00e9rios problemas de [&hellip;]<\/p>\n","protected":false},"author":2,"featured_media":36630,"comment_status":"open","ping_status":"open","sticky":false,"template":"","format":"standard","meta":{"footnotes":""},"categories":[185],"tags":[172],"class_list":["post-36629","post","type-post","status-publish","format-standard","has-post-thumbnail","hentry","category-regional","tag-featured"],"amp_enabled":true,"_links":{"self":[{"href":"https:\/\/radiostudiow.com.br\/site\/wp-json\/wp\/v2\/posts\/36629","targetHints":{"allow":["GET"]}}],"collection":[{"href":"https:\/\/radiostudiow.com.br\/site\/wp-json\/wp\/v2\/posts"}],"about":[{"href":"https:\/\/radiostudiow.com.br\/site\/wp-json\/wp\/v2\/types\/post"}],"author":[{"embeddable":true,"href":"https:\/\/radiostudiow.com.br\/site\/wp-json\/wp\/v2\/users\/2"}],"replies":[{"embeddable":true,"href":"https:\/\/radiostudiow.com.br\/site\/wp-json\/wp\/v2\/comments?post=36629"}],"version-history":[{"count":2,"href":"https:\/\/radiostudiow.com.br\/site\/wp-json\/wp\/v2\/posts\/36629\/revisions"}],"predecessor-version":[{"id":36633,"href":"https:\/\/radiostudiow.com.br\/site\/wp-json\/wp\/v2\/posts\/36629\/revisions\/36633"}],"wp:featuredmedia":[{"embeddable":true,"href":"https:\/\/radiostudiow.com.br\/site\/wp-json\/wp\/v2\/media\/36630"}],"wp:attachment":[{"href":"https:\/\/radiostudiow.com.br\/site\/wp-json\/wp\/v2\/media?parent=36629"}],"wp:term":[{"taxonomy":"category","embeddable":true,"href":"https:\/\/radiostudiow.com.br\/site\/wp-json\/wp\/v2\/categories?post=36629"},{"taxonomy":"post_tag","embeddable":true,"href":"https:\/\/radiostudiow.com.br\/site\/wp-json\/wp\/v2\/tags?post=36629"}],"curies":[{"name":"wp","href":"https:\/\/api.w.org\/{rel}","templated":true}]}}