{"id":36632,"date":"2025-04-08T10:54:11","date_gmt":"2025-04-08T13:54:11","guid":{"rendered":"https:\/\/radiostudiow.com.br\/site\/?p=36632"},"modified":"2025-04-08T16:17:29","modified_gmt":"2025-04-08T19:17:29","slug":"caminhoneiro-natural-de-paula-freitas-morre-em-grave-acidente-na-br135-na-bahia","status":"publish","type":"post","link":"https:\/\/radiostudiow.com.br\/site\/2025\/04\/08\/caminhoneiro-natural-de-paula-freitas-morre-em-grave-acidente-na-br135-na-bahia\/","title":{"rendered":"Caminhoneiro natural de Paula Freitas morre em grave acidente na BR-135, na Bahia"},"content":{"rendered":"\n<p><\/p>\n\n\n\n<p><\/p>\n\n\n\n<figure class=\"wp-block-image size-full\"><img loading=\"lazy\" decoding=\"async\" width=\"897\" height=\"204\" src=\"https:\/\/radiostudiow.com.br\/site\/wp-content\/uploads\/2025\/03\/SITE-GRANDE5.png\" alt=\"\" class=\"wp-image-35420\" srcset=\"https:\/\/radiostudiow.com.br\/site\/wp-content\/uploads\/2025\/03\/SITE-GRANDE5.png 897w, https:\/\/radiostudiow.com.br\/site\/wp-content\/uploads\/2025\/03\/SITE-GRANDE5-300x68.png 300w, https:\/\/radiostudiow.com.br\/site\/wp-content\/uploads\/2025\/03\/SITE-GRANDE5-768x175.png 768w\" sizes=\"auto, (max-width: 897px) 100vw, 897px\" \/><\/figure>\n\n\n\n<p><\/p>\n\n\n\n<p><strong>Colis\u00e3o entre duas carretas deixa v\u00edtima presa \u00e0s ferragens em Formosa do Rio Preto<\/strong><\/p>\n\n\n\n<p>Um grave acidente foi registrado pouco antes das 08h da manh\u00e3 desta ter\u00e7a-feira (08) na BR-135, nas proximidades do povoado de Malhadinha, em Formosa do Rio Preto, oeste da Bahia.<\/p>\n\n\n\n<p> A colis\u00e3o envolveu duas carretas e o impacto foi t\u00e3o forte que a frente do caminh\u00e3o ficou destru\u00eddo e o motorista morreu no local, preso \u00e0s ferragens.<\/p>\n\n\n\n<p>O Corpo de Bombeiros foi acionado e realizou o resgate do corpo por volta das 10h, e a princ\u00edpio, seria transferido para o Instituto M\u00e9dico Legal (IML) de Barreiras, a menos de 150 km do local do acidente.<\/p>\n\n\n\n<p>De acordo com as primeiras informa\u00e7\u00f5es, o caminhoneiros era natural da cidade de Paula Freitas e tinha 49 anos.<\/p>\n\n\n\n<p><\/p>\n\n\n\n<figure class=\"wp-block-image size-full\"><img loading=\"lazy\" decoding=\"async\" width=\"897\" height=\"204\" src=\"https:\/\/radiostudiow.com.br\/site\/wp-content\/uploads\/2025\/03\/image-62.png\" alt=\"\" class=\"wp-image-35859\" srcset=\"https:\/\/radiostudiow.com.br\/site\/wp-content\/uploads\/2025\/03\/image-62.png 897w, https:\/\/radiostudiow.com.br\/site\/wp-content\/uploads\/2025\/03\/image-62-300x68.png 300w, https:\/\/radiostudiow.com.br\/site\/wp-content\/uploads\/2025\/03\/image-62-768x175.png 768w\" sizes=\"auto, (max-width: 897px) 100vw, 897px\" \/><\/figure>\n\n\n\n<p><\/p>\n\n\n\n<figure class=\"wp-block-image size-large\"><img loading=\"lazy\" decoding=\"async\" width=\"1024\" height=\"538\" src=\"https:\/\/radiostudiow.com.br\/site\/wp-content\/uploads\/2025\/04\/portaldocerrado-acidente-grave-na-br-135-em-formosa-do-rio-preto-acidente-hoje-1024x538.jpg\" alt=\"\" class=\"wp-image-36635\" srcset=\"https:\/\/radiostudiow.com.br\/site\/wp-content\/uploads\/2025\/04\/portaldocerrado-acidente-grave-na-br-135-em-formosa-do-rio-preto-acidente-hoje-1024x538.jpg 1024w, https:\/\/radiostudiow.com.br\/site\/wp-content\/uploads\/2025\/04\/portaldocerrado-acidente-grave-na-br-135-em-formosa-do-rio-preto-acidente-hoje-300x158.jpg 300w, https:\/\/radiostudiow.com.br\/site\/wp-content\/uploads\/2025\/04\/portaldocerrado-acidente-grave-na-br-135-em-formosa-do-rio-preto-acidente-hoje-768x404.jpg 768w, https:\/\/radiostudiow.com.br\/site\/wp-content\/uploads\/2025\/04\/portaldocerrado-acidente-grave-na-br-135-em-formosa-do-rio-preto-acidente-hoje.jpg 1200w\" sizes=\"auto, (max-width: 1024px) 100vw, 1024px\" \/><\/figure>\n\n\n\n<p><\/p>\n\n\n\n<figure class=\"wp-block-image size-full\"><img loading=\"lazy\" decoding=\"async\" width=\"897\" height=\"204\" src=\"https:\/\/radiostudiow.com.br\/site\/wp-content\/uploads\/2025\/03\/BARAO-NOVO-NOTICIAS-1.jpg\" alt=\"\" class=\"wp-image-35084\" srcset=\"https:\/\/radiostudiow.com.br\/site\/wp-content\/uploads\/2025\/03\/BARAO-NOVO-NOTICIAS-1.jpg 897w, https:\/\/radiostudiow.com.br\/site\/wp-content\/uploads\/2025\/03\/BARAO-NOVO-NOTICIAS-1-300x68.jpg 300w, https:\/\/radiostudiow.com.br\/site\/wp-content\/uploads\/2025\/03\/BARAO-NOVO-NOTICIAS-1-768x175.jpg 768w\" sizes=\"auto, (max-width: 897px) 100vw, 897px\" \/><\/figure>\n\n\n\n<p><\/p>\n\n\n\n<p>De acordo com informa\u00e7\u00f5es iniciais, a v\u00edtima conduzia um caminh\u00e3o carregado com papel\u00e3o, vindo do Maranh\u00e3o com destino a Posse, em Goi\u00e1s. Durante o trajeto, houve a colis\u00e3o com outro caminh\u00e3o que seguia no sentido oposto.<\/p>\n\n\n\n<p> As causas do acidente continuam sob investiga\u00e7\u00e3o da Pol\u00edcia Rodovi\u00e1ria Federal (PRF)<\/p>\n\n\n\n<p><\/p>\n\n\n\n<figure class=\"wp-block-image size-full\"><img loading=\"lazy\" decoding=\"async\" width=\"897\" height=\"204\" src=\"https:\/\/radiostudiow.com.br\/site\/wp-content\/uploads\/2025\/02\/SITE-GRANDE7.png\" alt=\"\" class=\"wp-image-33861\" srcset=\"https:\/\/radiostudiow.com.br\/site\/wp-content\/uploads\/2025\/02\/SITE-GRANDE7.png 897w, https:\/\/radiostudiow.com.br\/site\/wp-content\/uploads\/2025\/02\/SITE-GRANDE7-300x68.png 300w, https:\/\/radiostudiow.com.br\/site\/wp-content\/uploads\/2025\/02\/SITE-GRANDE7-768x175.png 768w\" sizes=\"auto, (max-width: 897px) 100vw, 897px\" \/><\/figure>\n\n\n\n<p><\/p>\n\n\n\n<p>Informa\u00e7\u00e3o e fotos: Portal do Cerrado<\/p>\n","protected":false},"excerpt":{"rendered":"<p>Colis\u00e3o entre duas carretas deixa v\u00edtima presa \u00e0s ferragens em Formosa do Rio Preto Um grave acidente foi registrado pouco antes das 08h da manh\u00e3 desta ter\u00e7a-feira (08) na BR-135, nas proximidades do povoado de Malhadinha, em Formosa do Rio Preto, oeste da Bahia. A colis\u00e3o envolveu duas carretas e o impacto foi t\u00e3o forte [&hellip;]<\/p>\n","protected":false},"author":2,"featured_media":36636,"comment_status":"open","ping_status":"open","sticky":false,"template":"","format":"standard","meta":{"footnotes":""},"categories":[184],"tags":[172],"class_list":["post-36632","post","type-post","status-publish","format-standard","has-post-thumbnail","hentry","category-local","tag-featured"],"amp_enabled":true,"_links":{"self":[{"href":"https:\/\/radiostudiow.com.br\/site\/wp-json\/wp\/v2\/posts\/36632","targetHints":{"allow":["GET"]}}],"collection":[{"href":"https:\/\/radiostudiow.com.br\/site\/wp-json\/wp\/v2\/posts"}],"about":[{"href":"https:\/\/radiostudiow.com.br\/site\/wp-json\/wp\/v2\/types\/post"}],"author":[{"embeddable":true,"href":"https:\/\/radiostudiow.com.br\/site\/wp-json\/wp\/v2\/users\/2"}],"replies":[{"embeddable":true,"href":"https:\/\/radiostudiow.com.br\/site\/wp-json\/wp\/v2\/comments?post=36632"}],"version-history":[{"count":4,"href":"https:\/\/radiostudiow.com.br\/site\/wp-json\/wp\/v2\/posts\/36632\/revisions"}],"predecessor-version":[{"id":36654,"href":"https:\/\/radiostudiow.com.br\/site\/wp-json\/wp\/v2\/posts\/36632\/revisions\/36654"}],"wp:featuredmedia":[{"embeddable":true,"href":"https:\/\/radiostudiow.com.br\/site\/wp-json\/wp\/v2\/media\/36636"}],"wp:attachment":[{"href":"https:\/\/radiostudiow.com.br\/site\/wp-json\/wp\/v2\/media?parent=36632"}],"wp:term":[{"taxonomy":"category","embeddable":true,"href":"https:\/\/radiostudiow.com.br\/site\/wp-json\/wp\/v2\/categories?post=36632"},{"taxonomy":"post_tag","embeddable":true,"href":"https:\/\/radiostudiow.com.br\/site\/wp-json\/wp\/v2\/tags?post=36632"}],"curies":[{"name":"wp","href":"https:\/\/api.w.org\/{rel}","templated":true}]}}