{"id":36646,"date":"2025-04-08T15:14:05","date_gmt":"2025-04-08T18:14:05","guid":{"rendered":"https:\/\/radiostudiow.com.br\/site\/?p=36646"},"modified":"2025-04-08T15:14:05","modified_gmt":"2025-04-08T18:14:05","slug":"homem-e-encontrado-morto-dentro-de-casa-no-bairro-vila-sao-pedro-em-mallet","status":"publish","type":"post","link":"https:\/\/radiostudiow.com.br\/site\/2025\/04\/08\/homem-e-encontrado-morto-dentro-de-casa-no-bairro-vila-sao-pedro-em-mallet\/","title":{"rendered":"Homem \u00e9 encontrado morto dentro de casa no Bairro Vila S\u00e3o Pedro, em Mallet"},"content":{"rendered":"\n<p><\/p>\n\n\n\n<figure class=\"wp-block-image size-full\"><img loading=\"lazy\" decoding=\"async\" width=\"897\" height=\"204\" src=\"https:\/\/radiostudiow.com.br\/site\/wp-content\/uploads\/2025\/02\/SITE-GRANDE7.png\" alt=\"\" class=\"wp-image-33861\" srcset=\"https:\/\/radiostudiow.com.br\/site\/wp-content\/uploads\/2025\/02\/SITE-GRANDE7.png 897w, https:\/\/radiostudiow.com.br\/site\/wp-content\/uploads\/2025\/02\/SITE-GRANDE7-300x68.png 300w, https:\/\/radiostudiow.com.br\/site\/wp-content\/uploads\/2025\/02\/SITE-GRANDE7-768x175.png 768w\" sizes=\"auto, (max-width: 897px) 100vw, 897px\" \/><\/figure>\n\n\n\n<p><\/p>\n\n\n\n<p><strong>V\u00edtima foi localizada em avan\u00e7ado estado de decomposi\u00e7\u00e3o ap\u00f3s vizinhos acionarem os Brigadistas Comunit\u00e1rios devido ao forte odor<\/strong><\/p>\n\n\n\n<p>Um homem identificado como <strong>Valdir Kozera, de 44 anos<\/strong>, foi encontrado morto em sua resid\u00eancia na Rua Tiradentes, no Bairro Vila S\u00e3o Pedro, em Mallet, na manh\u00e3 desta ter\u00e7a-feira (08).<\/p>\n\n\n\n<figure class=\"wp-block-image size-full\"><img loading=\"lazy\" decoding=\"async\" width=\"515\" height=\"534\" src=\"https:\/\/radiostudiow.com.br\/site\/wp-content\/uploads\/2025\/04\/74238130_163061818093631_5043395635437371392_n-1.jpg\" alt=\"\" class=\"wp-image-36651\" srcset=\"https:\/\/radiostudiow.com.br\/site\/wp-content\/uploads\/2025\/04\/74238130_163061818093631_5043395635437371392_n-1.jpg 515w, https:\/\/radiostudiow.com.br\/site\/wp-content\/uploads\/2025\/04\/74238130_163061818093631_5043395635437371392_n-1-289x300.jpg 289w\" sizes=\"auto, (max-width: 515px) 100vw, 515px\" \/><\/figure>\n\n\n\n<p><strong>V\u00edtima. Valdir Kozera 44 anos &#8211; foto Redes Sociais<\/strong><\/p>\n\n\n\n<p>O corpo foi localizado ap\u00f3s vizinhos acionarem os Brigadistas Comunit\u00e1rios por volta das 10h30, incomodados com o forte odor vindo do im\u00f3vel.<\/p>\n\n\n\n<p>Segundo relatos, os moradores da regi\u00e3o estranharam o desaparecimento repentino da v\u00edtima, que era vista com frequ\u00eancia circulando pela rua.<\/p>\n\n\n\n<p><\/p>\n\n\n\n<figure class=\"wp-block-image size-full\"><img loading=\"lazy\" decoding=\"async\" width=\"897\" height=\"204\" src=\"https:\/\/radiostudiow.com.br\/site\/wp-content\/uploads\/2025\/03\/BARAO-NOVO-NOTICIAS-1.jpg\" alt=\"\" class=\"wp-image-35084\" srcset=\"https:\/\/radiostudiow.com.br\/site\/wp-content\/uploads\/2025\/03\/BARAO-NOVO-NOTICIAS-1.jpg 897w, https:\/\/radiostudiow.com.br\/site\/wp-content\/uploads\/2025\/03\/BARAO-NOVO-NOTICIAS-1-300x68.jpg 300w, https:\/\/radiostudiow.com.br\/site\/wp-content\/uploads\/2025\/03\/BARAO-NOVO-NOTICIAS-1-768x175.jpg 768w\" sizes=\"auto, (max-width: 897px) 100vw, 897px\" \/><\/figure>\n\n\n\n<p><\/p>\n\n\n\n<figure class=\"wp-block-image size-large\"><img loading=\"lazy\" decoding=\"async\" width=\"1024\" height=\"576\" src=\"https:\/\/radiostudiow.com.br\/site\/wp-content\/uploads\/2025\/04\/20250408_105943-1024x576.jpg\" alt=\"\" class=\"wp-image-36647\" srcset=\"https:\/\/radiostudiow.com.br\/site\/wp-content\/uploads\/2025\/04\/20250408_105943-1024x576.jpg 1024w, https:\/\/radiostudiow.com.br\/site\/wp-content\/uploads\/2025\/04\/20250408_105943-300x169.jpg 300w, https:\/\/radiostudiow.com.br\/site\/wp-content\/uploads\/2025\/04\/20250408_105943-768x432.jpg 768w, https:\/\/radiostudiow.com.br\/site\/wp-content\/uploads\/2025\/04\/20250408_105943-1536x864.jpg 1536w, https:\/\/radiostudiow.com.br\/site\/wp-content\/uploads\/2025\/04\/20250408_105943-2048x1152.jpg 2048w\" sizes=\"auto, (max-width: 1024px) 100vw, 1024px\" \/><\/figure>\n\n\n\n<p><\/p>\n\n\n\n<p><strong>Embora a janela da casa estivesse aberta, o que indicava que ele poderia estar no local, os vizinhos decidiram chamar os bombeiros ap\u00f3s o cheiro de decomposi\u00e7\u00e3o se intensificar.<\/strong><\/p>\n\n\n\n<p><strong>A equipe de Brigadistas Comunit\u00e1rios juntamente com o Sargento Joaquim Pacholok do Corpo de Bombeiros, foram at\u00e9 o endere\u00e7o e encontraram o corpo de Valdir sobre a cama, j\u00e1 em avan\u00e7ado estado de putrefa\u00e7\u00e3o.<\/strong><\/p>\n\n\n\n<p><strong>Investigadores da 10\u00aa Delegacia Regional de Pol\u00edcia Civil de Mallet, estiveram no local para recolher informa\u00e7\u00f5es preliminares.<\/strong><\/p>\n\n\n\n<p>A Pol\u00edcia Cient\u00edfica e o Instituto M\u00e9dico Legal (IML) de Uni\u00e3o da Vit\u00f3ria tamb\u00e9m foram acionados e realizaram a remo\u00e7\u00e3o do corpo, que passar\u00e1 por exames para determinar a causa da morte. A hip\u00f3tese inicial \u00e9 de morte natural, mas a confirma\u00e7\u00e3o depender\u00e1 da an\u00e1lise pericial.<\/p>\n\n\n\n<figure class=\"wp-block-image size-full\"><img loading=\"lazy\" decoding=\"async\" width=\"897\" height=\"204\" src=\"https:\/\/radiostudiow.com.br\/site\/wp-content\/uploads\/2025\/03\/SITE-GRANDE5.png\" alt=\"\" class=\"wp-image-35420\" srcset=\"https:\/\/radiostudiow.com.br\/site\/wp-content\/uploads\/2025\/03\/SITE-GRANDE5.png 897w, https:\/\/radiostudiow.com.br\/site\/wp-content\/uploads\/2025\/03\/SITE-GRANDE5-300x68.png 300w, https:\/\/radiostudiow.com.br\/site\/wp-content\/uploads\/2025\/03\/SITE-GRANDE5-768x175.png 768w\" sizes=\"auto, (max-width: 897px) 100vw, 897px\" \/><\/figure>\n\n\n\n<p><\/p>\n\n\n\n<h2 class=\"wp-block-heading\"><strong>Entrevista Exclusiva<\/strong><\/h2>\n\n\n\n<h2 class=\"wp-block-heading\"><br>Mais detalhes sobre o caso ser\u00e3o apresentados na edi\u00e7\u00e3o desta ter\u00e7a-feira do <\/h2>\n\n\n\n<h2 class=\"wp-block-heading\">seu <em>W Not\u00edcias<\/em>.<\/h2>\n\n\n\n<h2 class=\"wp-block-heading\">\u00a0<\/h2>\n\n\n\n<h2 class=\"wp-block-heading\">O Jornal contar\u00e1 com a participa\u00e7\u00e3o do 2\u00ba Sargento Joaquim Pacholok, que explicar\u00e1 como foi \u00e0 atua\u00e7\u00e3o da equipe e em que condi\u00e7\u00f5es o corpo foi encontrado, inclusive dando relatos que a porta da casa estava aberta quando a equipe chegou ao local.<\/h2>\n\n\n\n<h2 class=\"wp-block-heading\">Hoje \u00e0s 20h na Studio W TV.<\/h2>\n\n\n\n<p><\/p>\n\n\n\n<figure class=\"wp-block-image size-large\"><img loading=\"lazy\" decoding=\"async\" width=\"1024\" height=\"576\" src=\"https:\/\/radiostudiow.com.br\/site\/wp-content\/uploads\/2025\/04\/sargento-1024x576.jpg\" alt=\"\" class=\"wp-image-36648\" srcset=\"https:\/\/radiostudiow.com.br\/site\/wp-content\/uploads\/2025\/04\/sargento-1024x576.jpg 1024w, https:\/\/radiostudiow.com.br\/site\/wp-content\/uploads\/2025\/04\/sargento-300x169.jpg 300w, https:\/\/radiostudiow.com.br\/site\/wp-content\/uploads\/2025\/04\/sargento-768x432.jpg 768w, https:\/\/radiostudiow.com.br\/site\/wp-content\/uploads\/2025\/04\/sargento.jpg 1284w\" sizes=\"auto, (max-width: 1024px) 100vw, 1024px\" \/><\/figure>\n\n\n\n<p><\/p>\n\n\n\n<figure class=\"wp-block-image size-full\"><img loading=\"lazy\" decoding=\"async\" width=\"897\" height=\"204\" src=\"https:\/\/radiostudiow.com.br\/site\/wp-content\/uploads\/2025\/03\/image-62.png\" alt=\"\" class=\"wp-image-35859\" srcset=\"https:\/\/radiostudiow.com.br\/site\/wp-content\/uploads\/2025\/03\/image-62.png 897w, https:\/\/radiostudiow.com.br\/site\/wp-content\/uploads\/2025\/03\/image-62-300x68.png 300w, https:\/\/radiostudiow.com.br\/site\/wp-content\/uploads\/2025\/03\/image-62-768x175.png 768w\" sizes=\"auto, (max-width: 897px) 100vw, 897px\" \/><\/figure>\n","protected":false},"excerpt":{"rendered":"<p>V\u00edtima foi localizada em avan\u00e7ado estado de decomposi\u00e7\u00e3o ap\u00f3s vizinhos acionarem os Brigadistas Comunit\u00e1rios devido ao forte odor Um homem identificado como Valdir Kozera, de 44 anos, foi encontrado morto em sua resid\u00eancia na Rua Tiradentes, no Bairro Vila S\u00e3o Pedro, em Mallet, na manh\u00e3 desta ter\u00e7a-feira (08). V\u00edtima. Valdir Kozera 44 anos &#8211; foto [&hellip;]<\/p>\n","protected":false},"author":2,"featured_media":36649,"comment_status":"open","ping_status":"open","sticky":false,"template":"","format":"standard","meta":{"footnotes":""},"categories":[184],"tags":[172],"class_list":["post-36646","post","type-post","status-publish","format-standard","has-post-thumbnail","hentry","category-local","tag-featured"],"amp_enabled":true,"_links":{"self":[{"href":"https:\/\/radiostudiow.com.br\/site\/wp-json\/wp\/v2\/posts\/36646","targetHints":{"allow":["GET"]}}],"collection":[{"href":"https:\/\/radiostudiow.com.br\/site\/wp-json\/wp\/v2\/posts"}],"about":[{"href":"https:\/\/radiostudiow.com.br\/site\/wp-json\/wp\/v2\/types\/post"}],"author":[{"embeddable":true,"href":"https:\/\/radiostudiow.com.br\/site\/wp-json\/wp\/v2\/users\/2"}],"replies":[{"embeddable":true,"href":"https:\/\/radiostudiow.com.br\/site\/wp-json\/wp\/v2\/comments?post=36646"}],"version-history":[{"count":1,"href":"https:\/\/radiostudiow.com.br\/site\/wp-json\/wp\/v2\/posts\/36646\/revisions"}],"predecessor-version":[{"id":36652,"href":"https:\/\/radiostudiow.com.br\/site\/wp-json\/wp\/v2\/posts\/36646\/revisions\/36652"}],"wp:featuredmedia":[{"embeddable":true,"href":"https:\/\/radiostudiow.com.br\/site\/wp-json\/wp\/v2\/media\/36649"}],"wp:attachment":[{"href":"https:\/\/radiostudiow.com.br\/site\/wp-json\/wp\/v2\/media?parent=36646"}],"wp:term":[{"taxonomy":"category","embeddable":true,"href":"https:\/\/radiostudiow.com.br\/site\/wp-json\/wp\/v2\/categories?post=36646"},{"taxonomy":"post_tag","embeddable":true,"href":"https:\/\/radiostudiow.com.br\/site\/wp-json\/wp\/v2\/tags?post=36646"}],"curies":[{"name":"wp","href":"https:\/\/api.w.org\/{rel}","templated":true}]}}