{"id":3665,"date":"2021-09-13T09:24:08","date_gmt":"2021-09-13T12:24:08","guid":{"rendered":"https:\/\/radiostudiow.com.br\/site\/?p=3665"},"modified":"2025-01-31T15:12:28","modified_gmt":"2025-01-31T18:12:28","slug":"acidente-grave-envolvendo-o-onibus-dos-garotos-de-ouro-acaba-em-tragedia","status":"publish","type":"post","link":"https:\/\/radiostudiow.com.br\/site\/2021\/09\/13\/acidente-grave-envolvendo-o-onibus-dos-garotos-de-ouro-acaba-em-tragedia\/","title":{"rendered":"ACIDENTE GRAVE ENVOLVENDO O \u00d4NIBUS DOS GAROTOS DE OURO ACABA EM TRAG\u00c9DIA"},"content":{"rendered":"\n<p>Um grav\u00edssimo acidente ocorrido na madrugada desta segunda(13) tirou a vida do vocalista e um dos fundadores da banda Garotos de Ouro Airton Machado.\u00a0<\/p>\n\n\n\n<p><br>O Acidente ocorreu por volta da 1h30min da manh\u00e3 no km 44 entre os munic\u00edpio de \u00c1guas Mornas e Rancho Queimado\/SC.<\/p>\n\n\n\n<p><br>Segundo informa\u00e7\u00f5es o \u00f4nibus ficou sem freios em um trecho da descida e acabou colidindo contra um pared\u00e3o pedras.<\/p>\n\n\n\n<p>No \u00f4nibus, chamado de &#8220;Garot\u00e3o&#8221;, viajavam apenas Airton Machado (de motorista) e a sua esposa Renata Machado, j\u00e1 que o restante do Grupo se deslocava em carros pr\u00f3prios.\u00a0<br>Airton n\u00e3o resistiu aos ferimentos e morreu. J\u00e1 a sua esposa teve ferimentos na cabe\u00e7a durante o acidente.<\/p>\n\n\n\n<figure class=\"wp-block-image size-full\"><img decoding=\"async\" src=\"https:\/\/radiostudiow.com.br\/site\/wp-content\/uploads\/2021\/08\/240387432_2992083691066122_4820772207429196742_n.jpg\" alt=\"\" class=\"wp-image-3380\"\/><\/figure>\n\n\n\n<p><em><strong>Airton fez o seu \u00faltimo show no Over Beer e no Clube Astr\u00e9a, em S\u00e3o Joaquim\/SC, neste \u00faltimo s\u00e1bado e uma live denominada de Bailezito 6, com mais de 04 horas de show.\u00a0<\/strong><\/em><\/p>\n\n\n\n<p><br>Airton fundou os Garotos de Ouro, juntamente com o seu irm\u00e3o Ivonir Machado em 1976 e completaria 63 anos de idade nesta pr\u00f3xima quarta-feira dia 15 de setembro.<\/p>\n\n\n\n<p><br><em>Fonte Ag\u00eancia de Not\u00edcias S\u00e3o Joaquim Online<\/em><\/p>\n\n\n\n<figure class=\"wp-block-gallery columns-3 is-cropped wp-block-gallery-1 is-layout-flex wp-block-gallery-is-layout-flex\"><ul class=\"blocks-gallery-grid\"><li class=\"blocks-gallery-item\"><figure><img loading=\"lazy\" decoding=\"async\" width=\"540\" height=\"675\" src=\"https:\/\/radiostudiow.com.br\/site\/wp-content\/uploads\/2021\/09\/IMG-20210913-WA0003.jpg\" alt=\"\" data-id=\"3666\" data-full-url=\"https:\/\/radiostudiow.com.br\/site\/wp-content\/uploads\/2021\/09\/IMG-20210913-WA0003.jpg\" data-link=\"https:\/\/radiostudiow.com.br\/site\/?attachment_id=3666\" class=\"wp-image-3666\" srcset=\"https:\/\/radiostudiow.com.br\/site\/wp-content\/uploads\/2021\/09\/IMG-20210913-WA0003.jpg 540w, https:\/\/radiostudiow.com.br\/site\/wp-content\/uploads\/2021\/09\/IMG-20210913-WA0003-240x300.jpg 240w\" sizes=\"auto, (max-width: 540px) 100vw, 540px\" \/><\/figure><\/li><li class=\"blocks-gallery-item\"><figure><img decoding=\"async\" src=\"https:\/\/radiostudiow.com.br\/site\/wp-content\/uploads\/2021\/09\/IMG-20210913-WA0004.jpg\" alt=\"\" data-id=\"3667\" data-full-url=\"https:\/\/radiostudiow.com.br\/site\/wp-content\/uploads\/2021\/09\/IMG-20210913-WA0004.jpg\" data-link=\"https:\/\/radiostudiow.com.br\/site\/?attachment_id=3667\" class=\"wp-image-3667\"\/><\/figure><\/li><li class=\"blocks-gallery-item\"><figure><img decoding=\"async\" src=\"https:\/\/radiostudiow.com.br\/site\/wp-content\/uploads\/2021\/09\/IMG-20210913-WA0005.jpg\" alt=\"\" data-id=\"3668\" data-full-url=\"https:\/\/radiostudiow.com.br\/site\/wp-content\/uploads\/2021\/09\/IMG-20210913-WA0005.jpg\" data-link=\"https:\/\/radiostudiow.com.br\/site\/?attachment_id=3668\" class=\"wp-image-3668\"\/><\/figure><\/li><\/ul><\/figure>\n\n\n\n<figure class=\"wp-block-image size-full\"><img decoding=\"async\" src=\"https:\/\/radiostudiow.com.br\/site\/wp-content\/uploads\/2021\/08\/IMOB-SUL-1.jpg\" alt=\"\" class=\"wp-image-3394\"\/><\/figure>\n","protected":false},"excerpt":{"rendered":"<p>Um grav\u00edssimo acidente ocorrido na madrugada desta segunda(13) tirou a vida do vocalista e um dos fundadores da banda Garotos de Ouro Airton Machado.\u00a0 O Acidente ocorreu por volta da 1h30min da manh\u00e3 no km 44 entre os munic\u00edpio de \u00c1guas Mornas e Rancho Queimado\/SC. Segundo informa\u00e7\u00f5es o \u00f4nibus ficou sem freios em um trecho [&hellip;]<\/p>\n","protected":false},"author":2,"featured_media":3670,"comment_status":"open","ping_status":"open","sticky":false,"template":"","format":"standard","meta":{"footnotes":""},"categories":[185],"tags":[172],"class_list":["post-3665","post","type-post","status-publish","format-standard","has-post-thumbnail","hentry","category-regional","tag-featured"],"amp_enabled":true,"_links":{"self":[{"href":"https:\/\/radiostudiow.com.br\/site\/wp-json\/wp\/v2\/posts\/3665","targetHints":{"allow":["GET"]}}],"collection":[{"href":"https:\/\/radiostudiow.com.br\/site\/wp-json\/wp\/v2\/posts"}],"about":[{"href":"https:\/\/radiostudiow.com.br\/site\/wp-json\/wp\/v2\/types\/post"}],"author":[{"embeddable":true,"href":"https:\/\/radiostudiow.com.br\/site\/wp-json\/wp\/v2\/users\/2"}],"replies":[{"embeddable":true,"href":"https:\/\/radiostudiow.com.br\/site\/wp-json\/wp\/v2\/comments?post=3665"}],"version-history":[{"count":1,"href":"https:\/\/radiostudiow.com.br\/site\/wp-json\/wp\/v2\/posts\/3665\/revisions"}],"predecessor-version":[{"id":3669,"href":"https:\/\/radiostudiow.com.br\/site\/wp-json\/wp\/v2\/posts\/3665\/revisions\/3669"}],"wp:featuredmedia":[{"embeddable":true,"href":"https:\/\/radiostudiow.com.br\/site\/wp-json\/wp\/v2\/media\/3670"}],"wp:attachment":[{"href":"https:\/\/radiostudiow.com.br\/site\/wp-json\/wp\/v2\/media?parent=3665"}],"wp:term":[{"taxonomy":"category","embeddable":true,"href":"https:\/\/radiostudiow.com.br\/site\/wp-json\/wp\/v2\/categories?post=3665"},{"taxonomy":"post_tag","embeddable":true,"href":"https:\/\/radiostudiow.com.br\/site\/wp-json\/wp\/v2\/tags?post=3665"}],"curies":[{"name":"wp","href":"https:\/\/api.w.org\/{rel}","templated":true}]}}