{"id":36655,"date":"2025-04-08T18:10:32","date_gmt":"2025-04-08T21:10:32","guid":{"rendered":"https:\/\/radiostudiow.com.br\/site\/?p=36655"},"modified":"2025-04-08T18:10:33","modified_gmt":"2025-04-08T21:10:33","slug":"capotamento-e-registrado-na-br-476-na-lapa-prf-e-bombeiros-atenderam-a-ocorrencia","status":"publish","type":"post","link":"https:\/\/radiostudiow.com.br\/site\/2025\/04\/08\/capotamento-e-registrado-na-br-476-na-lapa-prf-e-bombeiros-atenderam-a-ocorrencia\/","title":{"rendered":"Capotamento \u00e9 registrado na BR-476, na Lapa; PRF e Bombeiros atenderam a  ocorr\u00eancia"},"content":{"rendered":"\n<p><\/p>\n\n\n\n<figure class=\"wp-block-image size-full\"><img loading=\"lazy\" decoding=\"async\" width=\"598\" height=\"204\" src=\"https:\/\/radiostudiow.com.br\/site\/wp-content\/uploads\/2024\/10\/labirati.png\" alt=\"\" class=\"wp-image-28854\" srcset=\"https:\/\/radiostudiow.com.br\/site\/wp-content\/uploads\/2024\/10\/labirati.png 598w, https:\/\/radiostudiow.com.br\/site\/wp-content\/uploads\/2024\/10\/labirati-300x102.png 300w\" sizes=\"auto, (max-width: 598px) 100vw, 598px\" \/><\/figure>\n\n\n\n<p><\/p>\n\n\n\n<p>Na tarde desta ter\u00e7a-feira (08), equipes da Pol\u00edcia Rodovi\u00e1ria Federal (PRF) e do Corpo de Bombeiros foram acionadas para atender um acidente envolvendo uma van que capotou na BR-476, na localidade de \u00c1gua Azul, pr\u00f3ximo ao Restaurante Palmeirinha, na regi\u00e3o de Lapa.<\/p>\n\n\n\n<p>A ocorr\u00eancia foi registrada nas imedia\u00e7\u00f5es do km 239 da rodovia, trecho que exige aten\u00e7\u00e3o redobrada dos motoristas devido ao tr\u00e1fego intenso e \u00e0s condi\u00e7\u00f5es da pista.<\/p>\n\n\n\n<p>Ainda n\u00e3o h\u00e1 informa\u00e7\u00f5es confirmadas sobre feridos ou as circunst\u00e2ncias do capotamento. <\/p>\n\n\n\n<p>As autoridades est\u00e3o no local prestando atendimento e apurando as causas do acidente.<\/p>\n\n\n\n<figure class=\"wp-block-image size-full\"><img loading=\"lazy\" decoding=\"async\" width=\"598\" height=\"204\" src=\"https:\/\/radiostudiow.com.br\/site\/wp-content\/uploads\/2025\/01\/SITE-MEDIO7.png\" alt=\"\" class=\"wp-image-32801\" srcset=\"https:\/\/radiostudiow.com.br\/site\/wp-content\/uploads\/2025\/01\/SITE-MEDIO7.png 598w, https:\/\/radiostudiow.com.br\/site\/wp-content\/uploads\/2025\/01\/SITE-MEDIO7-300x102.png 300w\" sizes=\"auto, (max-width: 598px) 100vw, 598px\" \/><\/figure>\n\n\n\n<p><\/p>\n\n\n\n<p>I<strong>nforma\u00e7\u00f5es: Portal P97 <\/strong><\/p>\n\n\n\n<p>Foto: Mario Cesar Paulin Staniszewski<\/p>\n\n\n\n<p><\/p>\n","protected":false},"excerpt":{"rendered":"<p>Na tarde desta ter\u00e7a-feira (08), equipes da Pol\u00edcia Rodovi\u00e1ria Federal (PRF) e do Corpo de Bombeiros foram acionadas para atender um acidente envolvendo uma van que capotou na BR-476, na localidade de \u00c1gua Azul, pr\u00f3ximo ao Restaurante Palmeirinha, na regi\u00e3o de Lapa. A ocorr\u00eancia foi registrada nas imedia\u00e7\u00f5es do km 239 da rodovia, trecho que [&hellip;]<\/p>\n","protected":false},"author":2,"featured_media":36656,"comment_status":"open","ping_status":"open","sticky":false,"template":"","format":"standard","meta":{"footnotes":""},"categories":[7],"tags":[172],"class_list":["post-36655","post","type-post","status-publish","format-standard","has-post-thumbnail","hentry","category-geral","tag-featured"],"amp_enabled":true,"_links":{"self":[{"href":"https:\/\/radiostudiow.com.br\/site\/wp-json\/wp\/v2\/posts\/36655","targetHints":{"allow":["GET"]}}],"collection":[{"href":"https:\/\/radiostudiow.com.br\/site\/wp-json\/wp\/v2\/posts"}],"about":[{"href":"https:\/\/radiostudiow.com.br\/site\/wp-json\/wp\/v2\/types\/post"}],"author":[{"embeddable":true,"href":"https:\/\/radiostudiow.com.br\/site\/wp-json\/wp\/v2\/users\/2"}],"replies":[{"embeddable":true,"href":"https:\/\/radiostudiow.com.br\/site\/wp-json\/wp\/v2\/comments?post=36655"}],"version-history":[{"count":1,"href":"https:\/\/radiostudiow.com.br\/site\/wp-json\/wp\/v2\/posts\/36655\/revisions"}],"predecessor-version":[{"id":36658,"href":"https:\/\/radiostudiow.com.br\/site\/wp-json\/wp\/v2\/posts\/36655\/revisions\/36658"}],"wp:featuredmedia":[{"embeddable":true,"href":"https:\/\/radiostudiow.com.br\/site\/wp-json\/wp\/v2\/media\/36656"}],"wp:attachment":[{"href":"https:\/\/radiostudiow.com.br\/site\/wp-json\/wp\/v2\/media?parent=36655"}],"wp:term":[{"taxonomy":"category","embeddable":true,"href":"https:\/\/radiostudiow.com.br\/site\/wp-json\/wp\/v2\/categories?post=36655"},{"taxonomy":"post_tag","embeddable":true,"href":"https:\/\/radiostudiow.com.br\/site\/wp-json\/wp\/v2\/tags?post=36655"}],"curies":[{"name":"wp","href":"https:\/\/api.w.org\/{rel}","templated":true}]}}