{"id":36657,"date":"2025-04-08T18:11:59","date_gmt":"2025-04-08T21:11:59","guid":{"rendered":"https:\/\/radiostudiow.com.br\/site\/?p=36657"},"modified":"2025-04-08T18:11:59","modified_gmt":"2025-04-08T21:11:59","slug":"boletim-semanal-registra-5-404-novos-casos-de-dengue-e-mais-8-obitos","status":"publish","type":"post","link":"https:\/\/radiostudiow.com.br\/site\/2025\/04\/08\/boletim-semanal-registra-5-404-novos-casos-de-dengue-e-mais-8-obitos\/","title":{"rendered":"Boletim semanal registra 5.404 novos casos de dengue e mais 8 \u00f3bitos"},"content":{"rendered":"\n<p>A Secretaria de Estado da Sa\u00fade (Sesa), por meio da Coordenadoria Estadual de Vigil\u00e2ncia Ambiental, publicou nesta ter\u00e7a-feira (08) o novo informe semanal da dengue. Foram registrados mais 5.404 casos da doen\u00e7a e oito \u00f3bitos.&nbsp;<\/p>\n\n\n\n<p>Os dados do novo ano epidemiol\u00f3gico 2025 totalizam 115.590 notifica\u00e7\u00f5es, 30.635 diagn\u00f3sticos confirmadas e 27 mortes.<\/p>\n\n\n\n<p>No total, 393 munic\u00edpios j\u00e1 apresentaram notifica\u00e7\u00f5es da doen\u00e7a, transmitida pelo mosquito&nbsp;Aedes aegypti, e 334 possuem casos confirmados.<\/p>\n\n\n\n<div class=\"wp-block-media-text is-stacked-on-mobile\"><figure class=\"wp-block-media-text__media\"><img loading=\"lazy\" decoding=\"async\" width=\"1024\" height=\"1024\" src=\"https:\/\/radiostudiow.com.br\/site\/wp-content\/uploads\/2025\/03\/LABIRATI0-1024x1024.png\" alt=\"\" class=\"wp-image-35965 size-full\" srcset=\"https:\/\/radiostudiow.com.br\/site\/wp-content\/uploads\/2025\/03\/LABIRATI0-1024x1024.png 1024w, https:\/\/radiostudiow.com.br\/site\/wp-content\/uploads\/2025\/03\/LABIRATI0-300x300.png 300w, https:\/\/radiostudiow.com.br\/site\/wp-content\/uploads\/2025\/03\/LABIRATI0-768x768.png 768w, https:\/\/radiostudiow.com.br\/site\/wp-content\/uploads\/2025\/03\/LABIRATI0-1536x1536.png 1536w, https:\/\/radiostudiow.com.br\/site\/wp-content\/uploads\/2025\/03\/LABIRATI0.png 1600w\" sizes=\"auto, (max-width: 1024px) 100vw, 1024px\" \/><\/figure><div class=\"wp-block-media-text__content\">\n<p>Os novos \u00f3bitos registrados nesta publica\u00e7\u00e3o ocorreram entre fevereiro e mar\u00e7o, sendo de uma crian\u00e7a do sexo feminino, tr\u00eas mulheres e quatro homens, com idades entre 9 e 76 anos. Os pacientes residiam nos munic\u00edpios de Curi\u00fava na 21\u00aa Regional de Sa\u00fade de Tel\u00eamaco Borba; Porecatu, Alvorada do Sul e Camb\u00e9 (3) na 17\u00aa RS Londrina; Loanda e Nova Londrina na 14\u00aa RS de Paranava\u00ed.<\/p>\n<\/div><\/div>\n\n\n\n<p>As regionais com os maiores n\u00fameros de casos confirmados neste per\u00edodo epidemiol\u00f3gico s\u00e3o a 14\u00aa Regional de Sa\u00fade de Paranava\u00ed (7.193); 17\u00aa RS de Londrina (7.105); 15\u00aa RS Maring\u00e1 (3.569); 12\u00aa RS de Umuarama (2.262) e 19\u00aa RS Jacarezinho (1.852).<\/p>\n\n\n\n<p><strong>OUTRAS ARBOVIROSES&nbsp;\u2013&nbsp;<\/strong>A publica\u00e7\u00e3o traz ainda dados sobre Chikungunya e Zika, doen\u00e7as que tamb\u00e9m t\u00eam como vetor o mosquito&nbsp;Aedes aegypti. Foram confirmados 1.381 casos de Chikungunya, com um total de 3.738 notifica\u00e7\u00f5es da doen\u00e7a no Estado. Quanto ao Zika V\u00edrus, at\u00e9 o momento foram registradas 37 notifica\u00e7\u00f5es, sem nenhum caso confirmado.<\/p>\n\n\n\n<p>Confira o Informe Semanal completo&nbsp;<strong><a href=\"https:\/\/www.documentador.pr.gov.br\/documentador\/pub.do?action=d&amp;uuid=@gtf-escriba-sesa@748eb2f6-2a81-4537-81eb-5d370de46180&amp;emPg=true\" target=\"_blank\" rel=\"noreferrer noopener\">AQUI<\/a><\/strong>. Mais informa\u00e7\u00f5es sobre a dengue est\u00e3o&nbsp;neste&nbsp;<strong><a href=\"https:\/\/www.dengue.pr.gov.br\/\" target=\"_blank\" rel=\"noreferrer noopener\">LINK<\/a><\/strong>.<\/p>\n\n\n\n<figure class=\"wp-block-image size-full\"><img loading=\"lazy\" decoding=\"async\" width=\"800\" height=\"720\" src=\"https:\/\/radiostudiow.com.br\/site\/wp-content\/uploads\/2024\/10\/05-3.jpg\" alt=\"\" class=\"wp-image-29193\" srcset=\"https:\/\/radiostudiow.com.br\/site\/wp-content\/uploads\/2024\/10\/05-3.jpg 800w, https:\/\/radiostudiow.com.br\/site\/wp-content\/uploads\/2024\/10\/05-3-300x270.jpg 300w, https:\/\/radiostudiow.com.br\/site\/wp-content\/uploads\/2024\/10\/05-3-768x691.jpg 768w\" sizes=\"auto, (max-width: 800px) 100vw, 800px\" \/><\/figure>\n","protected":false},"excerpt":{"rendered":"<p>A Secretaria de Estado da Sa\u00fade (Sesa), por meio da Coordenadoria Estadual de Vigil\u00e2ncia Ambiental, publicou nesta ter\u00e7a-feira (08) o novo informe semanal da dengue. Foram registrados mais 5.404 casos da doen\u00e7a e oito \u00f3bitos.&nbsp; Os dados do novo ano epidemiol\u00f3gico 2025 totalizam 115.590 notifica\u00e7\u00f5es, 30.635 diagn\u00f3sticos confirmadas e 27 mortes. No total, 393 munic\u00edpios [&hellip;]<\/p>\n","protected":false},"author":2,"featured_media":33107,"comment_status":"open","ping_status":"open","sticky":false,"template":"","format":"standard","meta":{"footnotes":""},"categories":[182],"tags":[172],"class_list":["post-36657","post","type-post","status-publish","format-standard","has-post-thumbnail","hentry","category-saude","tag-featured"],"amp_enabled":true,"_links":{"self":[{"href":"https:\/\/radiostudiow.com.br\/site\/wp-json\/wp\/v2\/posts\/36657","targetHints":{"allow":["GET"]}}],"collection":[{"href":"https:\/\/radiostudiow.com.br\/site\/wp-json\/wp\/v2\/posts"}],"about":[{"href":"https:\/\/radiostudiow.com.br\/site\/wp-json\/wp\/v2\/types\/post"}],"author":[{"embeddable":true,"href":"https:\/\/radiostudiow.com.br\/site\/wp-json\/wp\/v2\/users\/2"}],"replies":[{"embeddable":true,"href":"https:\/\/radiostudiow.com.br\/site\/wp-json\/wp\/v2\/comments?post=36657"}],"version-history":[{"count":1,"href":"https:\/\/radiostudiow.com.br\/site\/wp-json\/wp\/v2\/posts\/36657\/revisions"}],"predecessor-version":[{"id":36659,"href":"https:\/\/radiostudiow.com.br\/site\/wp-json\/wp\/v2\/posts\/36657\/revisions\/36659"}],"wp:featuredmedia":[{"embeddable":true,"href":"https:\/\/radiostudiow.com.br\/site\/wp-json\/wp\/v2\/media\/33107"}],"wp:attachment":[{"href":"https:\/\/radiostudiow.com.br\/site\/wp-json\/wp\/v2\/media?parent=36657"}],"wp:term":[{"taxonomy":"category","embeddable":true,"href":"https:\/\/radiostudiow.com.br\/site\/wp-json\/wp\/v2\/categories?post=36657"},{"taxonomy":"post_tag","embeddable":true,"href":"https:\/\/radiostudiow.com.br\/site\/wp-json\/wp\/v2\/tags?post=36657"}],"curies":[{"name":"wp","href":"https:\/\/api.w.org\/{rel}","templated":true}]}}