{"id":36660,"date":"2025-04-08T18:21:49","date_gmt":"2025-04-08T21:21:49","guid":{"rendered":"https:\/\/radiostudiow.com.br\/site\/?p=36660"},"modified":"2025-04-08T18:23:39","modified_gmt":"2025-04-08T21:23:39","slug":"policia-civil-prende-condenado-por-homicidio-no-interior-de-guamiranga","status":"publish","type":"post","link":"https:\/\/radiostudiow.com.br\/site\/2025\/04\/08\/policia-civil-prende-condenado-por-homicidio-no-interior-de-guamiranga\/","title":{"rendered":"Pol\u00edcia Civil prende condenado por homic\u00eddio no interior de Guamiranga"},"content":{"rendered":"\n<p><\/p>\n\n\n\n<figure class=\"wp-block-image size-full\"><img loading=\"lazy\" decoding=\"async\" width=\"897\" height=\"204\" src=\"https:\/\/radiostudiow.com.br\/site\/wp-content\/uploads\/2024\/01\/SITE-GRANDE3.png\" alt=\"zaions\" class=\"wp-image-18936\" srcset=\"https:\/\/radiostudiow.com.br\/site\/wp-content\/uploads\/2024\/01\/SITE-GRANDE3.png 897w, https:\/\/radiostudiow.com.br\/site\/wp-content\/uploads\/2024\/01\/SITE-GRANDE3-300x68.png 300w, https:\/\/radiostudiow.com.br\/site\/wp-content\/uploads\/2024\/01\/SITE-GRANDE3-768x175.png 768w\" sizes=\"auto, (max-width: 897px) 100vw, 897px\" \/><\/figure>\n\n\n\n<p><\/p>\n\n\n\n<p>Policiais civis da Delegacia de Imbituva, prenderam na manh\u00e3 desta ter\u00e7a-feira (08) Carlos Alberto Neisser, de 51 anos, condenado por homic\u00eddio qualificado. A pris\u00e3o aconteceu na localidade de \u00c1gua Branca, zona rural do munic\u00edpio de Guamiranga.<\/p>\n\n\n\n<p>Carlos Alberto foi condenado junto com seu irm\u00e3o, Silvio Neisser, pelo assassinato de Jairo Ferreira, ocorrido em 5 de novembro de 2006, tamb\u00e9m em Guamiranga. Conforme apontaram as investiga\u00e7\u00f5es, o crime teria sido motivado por vingan\u00e7a.<\/p>\n\n\n\n<p>Ap\u00f3s a captura, o homem foi encaminhado \u00e0 Cadeia P\u00fablica de Irati, onde permanece \u00e0 disposi\u00e7\u00e3o da Justi\u00e7a.<\/p>\n\n\n\n<figure class=\"wp-block-image size-full\"><img decoding=\"async\" src=\"https:\/\/radiostudiow.com.br\/site\/wp-content\/uploads\/2024\/01\/SITE-GRANDE.png\" alt=\"\" class=\"wp-image-18949\"\/><\/figure>\n\n\n\n<p><\/p>\n\n\n\n<p>A Pol\u00edcia Civil do Paran\u00e1 (PCPR) refor\u00e7a o pedido de colabora\u00e7\u00e3o da popula\u00e7\u00e3o com informa\u00e7\u00f5es que ajudem a localizar foragidos da Justi\u00e7a e esclarecer crimes. As den\u00fancias podem ser feitas de forma an\u00f4nima pelos n\u00fameros 197 (PCPR), 181 (Disque-Den\u00fancia) ou pelo telefone (42) 3436-1177, diretamente com a equipe de investiga\u00e7\u00e3o.<\/p>\n\n\n\n<p><strong>Informa\u00e7\u00f5es Delegacia de Pol\u00edcia Civil de Imbituva<\/strong><\/p>\n\n\n\n<p><strong>Imagem Rep\u00f3rter Kiko de Oliveira<\/strong><\/p>\n\n\n\n<p><\/p>\n","protected":false},"excerpt":{"rendered":"<p>Policiais civis da Delegacia de Imbituva, prenderam na manh\u00e3 desta ter\u00e7a-feira (08) Carlos Alberto Neisser, de 51 anos, condenado por homic\u00eddio qualificado. A pris\u00e3o aconteceu na localidade de \u00c1gua Branca, zona rural do munic\u00edpio de Guamiranga. Carlos Alberto foi condenado junto com seu irm\u00e3o, Silvio Neisser, pelo assassinato de Jairo Ferreira, ocorrido em 5 de [&hellip;]<\/p>\n","protected":false},"author":2,"featured_media":36661,"comment_status":"open","ping_status":"open","sticky":false,"template":"","format":"standard","meta":{"footnotes":""},"categories":[7],"tags":[172],"class_list":["post-36660","post","type-post","status-publish","format-standard","has-post-thumbnail","hentry","category-geral","tag-featured"],"amp_enabled":true,"_links":{"self":[{"href":"https:\/\/radiostudiow.com.br\/site\/wp-json\/wp\/v2\/posts\/36660","targetHints":{"allow":["GET"]}}],"collection":[{"href":"https:\/\/radiostudiow.com.br\/site\/wp-json\/wp\/v2\/posts"}],"about":[{"href":"https:\/\/radiostudiow.com.br\/site\/wp-json\/wp\/v2\/types\/post"}],"author":[{"embeddable":true,"href":"https:\/\/radiostudiow.com.br\/site\/wp-json\/wp\/v2\/users\/2"}],"replies":[{"embeddable":true,"href":"https:\/\/radiostudiow.com.br\/site\/wp-json\/wp\/v2\/comments?post=36660"}],"version-history":[{"count":2,"href":"https:\/\/radiostudiow.com.br\/site\/wp-json\/wp\/v2\/posts\/36660\/revisions"}],"predecessor-version":[{"id":36663,"href":"https:\/\/radiostudiow.com.br\/site\/wp-json\/wp\/v2\/posts\/36660\/revisions\/36663"}],"wp:featuredmedia":[{"embeddable":true,"href":"https:\/\/radiostudiow.com.br\/site\/wp-json\/wp\/v2\/media\/36661"}],"wp:attachment":[{"href":"https:\/\/radiostudiow.com.br\/site\/wp-json\/wp\/v2\/media?parent=36660"}],"wp:term":[{"taxonomy":"category","embeddable":true,"href":"https:\/\/radiostudiow.com.br\/site\/wp-json\/wp\/v2\/categories?post=36660"},{"taxonomy":"post_tag","embeddable":true,"href":"https:\/\/radiostudiow.com.br\/site\/wp-json\/wp\/v2\/tags?post=36660"}],"curies":[{"name":"wp","href":"https:\/\/api.w.org\/{rel}","templated":true}]}}