{"id":36664,"date":"2025-04-08T18:32:27","date_gmt":"2025-04-08T21:32:27","guid":{"rendered":"https:\/\/radiostudiow.com.br\/site\/?p=36664"},"modified":"2025-04-08T18:32:28","modified_gmt":"2025-04-08T21:32:28","slug":"veiculo-furtado-em-guarapuava-e-recuperado-pela-pm-em-inacio-martins","status":"publish","type":"post","link":"https:\/\/radiostudiow.com.br\/site\/2025\/04\/08\/veiculo-furtado-em-guarapuava-e-recuperado-pela-pm-em-inacio-martins\/","title":{"rendered":"Ve\u00edculo furtado em Guarapuava \u00e9 recuperado pela PM em In\u00e1cio Martins"},"content":{"rendered":"\n<p><\/p>\n\n\n\n<figure class=\"wp-block-image size-full\"><img loading=\"lazy\" decoding=\"async\" width=\"897\" height=\"204\" src=\"https:\/\/radiostudiow.com.br\/site\/wp-content\/uploads\/2025\/03\/SITE-GRANDE5.png\" alt=\"\" class=\"wp-image-35420\" srcset=\"https:\/\/radiostudiow.com.br\/site\/wp-content\/uploads\/2025\/03\/SITE-GRANDE5.png 897w, https:\/\/radiostudiow.com.br\/site\/wp-content\/uploads\/2025\/03\/SITE-GRANDE5-300x68.png 300w, https:\/\/radiostudiow.com.br\/site\/wp-content\/uploads\/2025\/03\/SITE-GRANDE5-768x175.png 768w\" sizes=\"auto, (max-width: 897px) 100vw, 897px\" \/><\/figure>\n\n\n\n<p><\/p>\n\n\n\n<p>A Pol\u00edcia Militar recuperou na tarde desta segunda-feira (7) um ve\u00edculo com alerta de furto durante patrulhamento na \u00e1rea central de In\u00e1cio Martins, regi\u00e3o centro-sul do Paran\u00e1.<\/p>\n\n\n\n<p>Por volta das 12h20, a equipe policial abordou um <strong>Fiat Uno Mille EX<\/strong> que circulava pela cidade. Durante a checagem da placa no sistema, foi constatado que o ve\u00edculo havia sido furtado em Guarapuava.<\/p>\n\n\n\n<p>O condutor, que n\u00e3o portava nenhum item il\u00edcito no momento da abordagem, afirmou ter adquirido o autom\u00f3vel por R$ 7 mil de um homem cuja identidade n\u00e3o foi revelada. Diante da situa\u00e7\u00e3o, ele recebeu voz de pris\u00e3o.<\/p>\n\n\n\n<p><\/p>\n\n\n\n<figure class=\"wp-block-image size-full\"><img loading=\"lazy\" decoding=\"async\" width=\"897\" height=\"204\" src=\"https:\/\/radiostudiow.com.br\/site\/wp-content\/uploads\/2025\/01\/SITE-GRANDE3.png\" alt=\"\" class=\"wp-image-32900\" srcset=\"https:\/\/radiostudiow.com.br\/site\/wp-content\/uploads\/2025\/01\/SITE-GRANDE3.png 897w, https:\/\/radiostudiow.com.br\/site\/wp-content\/uploads\/2025\/01\/SITE-GRANDE3-300x68.png 300w, https:\/\/radiostudiow.com.br\/site\/wp-content\/uploads\/2025\/01\/SITE-GRANDE3-768x175.png 768w\" sizes=\"auto, (max-width: 897px) 100vw, 897px\" \/><\/figure>\n\n\n\n<p><\/p>\n\n\n\n<p>O suspeito foi encaminhado ao Pronto Atendimento Municipal para a confec\u00e7\u00e3o do laudo de les\u00e3o corporal, procedimento padr\u00e3o para registros de cust\u00f3dia, e posteriormente conduzido \u00e0 <strong>41\u00aa Delegacia de Pol\u00edcia Civil<\/strong>, onde permanece \u00e0 disposi\u00e7\u00e3o da Justi\u00e7a.<\/p>\n\n\n\n<p><\/p>\n\n\n\n<p>INFORMA\u00c7\u00d5ES: REP\u00d3RTER KIKO DE OLIVEIRA<\/p>\n","protected":false},"excerpt":{"rendered":"<p>A Pol\u00edcia Militar recuperou na tarde desta segunda-feira (7) um ve\u00edculo com alerta de furto durante patrulhamento na \u00e1rea central de In\u00e1cio Martins, regi\u00e3o centro-sul do Paran\u00e1. Por volta das 12h20, a equipe policial abordou um Fiat Uno Mille EX que circulava pela cidade. Durante a checagem da placa no sistema, foi constatado que o [&hellip;]<\/p>\n","protected":false},"author":2,"featured_media":36666,"comment_status":"open","ping_status":"open","sticky":false,"template":"","format":"standard","meta":{"footnotes":""},"categories":[185],"tags":[172],"class_list":["post-36664","post","type-post","status-publish","format-standard","has-post-thumbnail","hentry","category-regional","tag-featured"],"amp_enabled":true,"_links":{"self":[{"href":"https:\/\/radiostudiow.com.br\/site\/wp-json\/wp\/v2\/posts\/36664","targetHints":{"allow":["GET"]}}],"collection":[{"href":"https:\/\/radiostudiow.com.br\/site\/wp-json\/wp\/v2\/posts"}],"about":[{"href":"https:\/\/radiostudiow.com.br\/site\/wp-json\/wp\/v2\/types\/post"}],"author":[{"embeddable":true,"href":"https:\/\/radiostudiow.com.br\/site\/wp-json\/wp\/v2\/users\/2"}],"replies":[{"embeddable":true,"href":"https:\/\/radiostudiow.com.br\/site\/wp-json\/wp\/v2\/comments?post=36664"}],"version-history":[{"count":1,"href":"https:\/\/radiostudiow.com.br\/site\/wp-json\/wp\/v2\/posts\/36664\/revisions"}],"predecessor-version":[{"id":36668,"href":"https:\/\/radiostudiow.com.br\/site\/wp-json\/wp\/v2\/posts\/36664\/revisions\/36668"}],"wp:featuredmedia":[{"embeddable":true,"href":"https:\/\/radiostudiow.com.br\/site\/wp-json\/wp\/v2\/media\/36666"}],"wp:attachment":[{"href":"https:\/\/radiostudiow.com.br\/site\/wp-json\/wp\/v2\/media?parent=36664"}],"wp:term":[{"taxonomy":"category","embeddable":true,"href":"https:\/\/radiostudiow.com.br\/site\/wp-json\/wp\/v2\/categories?post=36664"},{"taxonomy":"post_tag","embeddable":true,"href":"https:\/\/radiostudiow.com.br\/site\/wp-json\/wp\/v2\/tags?post=36664"}],"curies":[{"name":"wp","href":"https:\/\/api.w.org\/{rel}","templated":true}]}}