{"id":36684,"date":"2025-04-09T09:45:06","date_gmt":"2025-04-09T12:45:06","guid":{"rendered":"https:\/\/radiostudiow.com.br\/site\/?p=36684"},"modified":"2025-04-09T09:45:06","modified_gmt":"2025-04-09T12:45:06","slug":"cristiano-junior-morre-aos-15-anos-apos-tragedia-que-comoveu-bituruna","status":"publish","type":"post","link":"https:\/\/radiostudiow.com.br\/site\/2025\/04\/09\/cristiano-junior-morre-aos-15-anos-apos-tragedia-que-comoveu-bituruna\/","title":{"rendered":"Cristiano J\u00fanior morre aos 15 anos ap\u00f3s trag\u00e9dia que comoveu Bituruna"},"content":{"rendered":"\n<p>A cidade de Bituruna se despede com como\u00e7\u00e3o de Cristiano Raimundo de Paula J\u00fanior, de apenas 15 anos, que faleceu nesta semana em Curitiba.<\/p>\n\n\n\n<p>J\u00fanior estava internado desde o final de mar\u00e7o no Hospital Evang\u00e9lico, refer\u00eancia no tratamento de queimaduras, ap\u00f3s um tr\u00e1gico epis\u00f3dio que comoveu a comunidade.<\/p>\n\n\n\n<figure class=\"wp-block-image size-full\"><img loading=\"lazy\" decoding=\"async\" width=\"897\" height=\"204\" src=\"https:\/\/radiostudiow.com.br\/site\/wp-content\/uploads\/2025\/01\/SITE-GRANDE5.png\" alt=\"\" class=\"wp-image-32814\" srcset=\"https:\/\/radiostudiow.com.br\/site\/wp-content\/uploads\/2025\/01\/SITE-GRANDE5.png 897w, https:\/\/radiostudiow.com.br\/site\/wp-content\/uploads\/2025\/01\/SITE-GRANDE5-300x68.png 300w, https:\/\/radiostudiow.com.br\/site\/wp-content\/uploads\/2025\/01\/SITE-GRANDE5-768x175.png 768w\" sizes=\"auto, (max-width: 897px) 100vw, 897px\" \/><\/figure>\n\n\n\n<p>No dia 31 de mar\u00e7o de 2025, o adolescente sofreu um surto depressivo e ateou fogo ao pr\u00f3prio corpo. Em um ato de amor extremo, seu pai, Crystyano Raimundo De Paula, n\u00e3o hesitou: lan\u00e7ou-se sobre o filho para conter as chamas. Com o gesto her\u00f3ico, J\u00fanior teve o fogo controlado, mas sofreu queimaduras em mais de 90% do corpo. J\u00e1 o pai teve cerca de 30% do corpo queimado na tentativa de salv\u00e1-lo.<\/p>\n\n\n\n<p>Ambos foram levados com urg\u00eancia para Curitiba, distante mais de 300 km de Bituruna. Desde ent\u00e3o, a fam\u00edlia enfrentava uma batalha pela vida em meio ao sofrimento e \u00e0 solidariedade: uma campanha foi criada para ajudar com os custos de deslocamento, estadia e alimenta\u00e7\u00e3o.<\/p>\n\n\n\n<figure class=\"wp-block-image size-full\"><img loading=\"lazy\" decoding=\"async\" width=\"900\" height=\"408\" src=\"https:\/\/radiostudiow.com.br\/site\/wp-content\/uploads\/2025\/03\/SITE-E-TV-1.png\" alt=\"\" class=\"wp-image-35744\" srcset=\"https:\/\/radiostudiow.com.br\/site\/wp-content\/uploads\/2025\/03\/SITE-E-TV-1.png 900w, https:\/\/radiostudiow.com.br\/site\/wp-content\/uploads\/2025\/03\/SITE-E-TV-1-300x136.png 300w, https:\/\/radiostudiow.com.br\/site\/wp-content\/uploads\/2025\/03\/SITE-E-TV-1-768x348.png 768w\" sizes=\"auto, (max-width: 900px) 100vw, 900px\" \/><\/figure>\n\n\n\n<p>O falecimento de J\u00fanior foi confirmado nesta semana. O vel\u00f3rio ser\u00e1 realizado nesta quarta-feira, 9 de abril, a partir das 22h, na Igreja Assembleia de Deus, localizada na Avenida It\u00e1lia, em Bituruna. A cerim\u00f4nia religiosa acontecer\u00e1 na quinta-feira, 10 de abril, \u00e0s 10h, seguida do sepultamento no cemit\u00e9rio municipal da cidade.<\/p>\n\n\n\n<p>O pai de J\u00fanior permanece internado em estado de sa\u00fade que ainda requer cuidados intensivos. A hist\u00f3ria de coragem e amor incondicional entre pai e filho segue tocando profundamente todos que acompanham o caso.<\/p>\n\n\n\n<p><em>Fonte: <a href=\"https:\/\/www.vvale.com.br\/\" data-type=\"link\" data-id=\"https:\/\/www.vvale.com.br\/\">V.Vale<\/a><\/em><\/p>\n","protected":false},"excerpt":{"rendered":"<p>A cidade de Bituruna se despede com como\u00e7\u00e3o de Cristiano Raimundo de Paula J\u00fanior, de apenas 15 anos, que faleceu nesta semana em Curitiba. J\u00fanior estava internado desde o final de mar\u00e7o no Hospital Evang\u00e9lico, refer\u00eancia no tratamento de queimaduras, ap\u00f3s um tr\u00e1gico epis\u00f3dio que comoveu a comunidade. No dia 31 de mar\u00e7o de 2025, [&hellip;]<\/p>\n","protected":false},"author":2,"featured_media":36685,"comment_status":"open","ping_status":"open","sticky":false,"template":"","format":"standard","meta":{"footnotes":""},"categories":[185],"tags":[172],"class_list":["post-36684","post","type-post","status-publish","format-standard","has-post-thumbnail","hentry","category-regional","tag-featured"],"amp_enabled":true,"_links":{"self":[{"href":"https:\/\/radiostudiow.com.br\/site\/wp-json\/wp\/v2\/posts\/36684","targetHints":{"allow":["GET"]}}],"collection":[{"href":"https:\/\/radiostudiow.com.br\/site\/wp-json\/wp\/v2\/posts"}],"about":[{"href":"https:\/\/radiostudiow.com.br\/site\/wp-json\/wp\/v2\/types\/post"}],"author":[{"embeddable":true,"href":"https:\/\/radiostudiow.com.br\/site\/wp-json\/wp\/v2\/users\/2"}],"replies":[{"embeddable":true,"href":"https:\/\/radiostudiow.com.br\/site\/wp-json\/wp\/v2\/comments?post=36684"}],"version-history":[{"count":1,"href":"https:\/\/radiostudiow.com.br\/site\/wp-json\/wp\/v2\/posts\/36684\/revisions"}],"predecessor-version":[{"id":36686,"href":"https:\/\/radiostudiow.com.br\/site\/wp-json\/wp\/v2\/posts\/36684\/revisions\/36686"}],"wp:featuredmedia":[{"embeddable":true,"href":"https:\/\/radiostudiow.com.br\/site\/wp-json\/wp\/v2\/media\/36685"}],"wp:attachment":[{"href":"https:\/\/radiostudiow.com.br\/site\/wp-json\/wp\/v2\/media?parent=36684"}],"wp:term":[{"taxonomy":"category","embeddable":true,"href":"https:\/\/radiostudiow.com.br\/site\/wp-json\/wp\/v2\/categories?post=36684"},{"taxonomy":"post_tag","embeddable":true,"href":"https:\/\/radiostudiow.com.br\/site\/wp-json\/wp\/v2\/tags?post=36684"}],"curies":[{"name":"wp","href":"https:\/\/api.w.org\/{rel}","templated":true}]}}