{"id":36689,"date":"2025-04-09T16:35:33","date_gmt":"2025-04-09T19:35:33","guid":{"rendered":"https:\/\/radiostudiow.com.br\/site\/?p=36689"},"modified":"2025-04-09T16:35:34","modified_gmt":"2025-04-09T19:35:34","slug":"motociclista-morre-em-acidente-no-acesso-a-tres-barras","status":"publish","type":"post","link":"https:\/\/radiostudiow.com.br\/site\/2025\/04\/09\/motociclista-morre-em-acidente-no-acesso-a-tres-barras\/","title":{"rendered":"Motociclista morre em acidente no acesso a Tr\u00eas Barras"},"content":{"rendered":"\n<p>Um grave acidente foi registrado na Avenida Abrah\u00e3o Mussi, que d\u00e1 acesso a cidade de Tr\u00eas Barras, vindo de Canoinhas Por volta das 6h desta quarta-feira (09). A rodovia ficou completamente interditada por pelo menos uma hora.<\/p>\n\n\n\n<figure class=\"wp-block-image size-full\"><img loading=\"lazy\" decoding=\"async\" width=\"897\" height=\"204\" src=\"https:\/\/radiostudiow.com.br\/site\/wp-content\/uploads\/2025\/03\/image-62.png\" alt=\"\" class=\"wp-image-35859\" srcset=\"https:\/\/radiostudiow.com.br\/site\/wp-content\/uploads\/2025\/03\/image-62.png 897w, https:\/\/radiostudiow.com.br\/site\/wp-content\/uploads\/2025\/03\/image-62-300x68.png 300w, https:\/\/radiostudiow.com.br\/site\/wp-content\/uploads\/2025\/03\/image-62-768x175.png 768w\" sizes=\"auto, (max-width: 897px) 100vw, 897px\" \/><\/figure>\n\n\n\n<p>O motociclista\u00a0Jocimar Daniel, de 27 anos, ficou gravemente ferido e morreu ainda no local.\u00a0Havia forte neblina no momento em que ele colidiu contra um Fiat Strada.\u00a0Com a colis\u00e3o seu corpo foi arremessado para cerca de 12 metros do local do impacto.<\/p>\n\n\n\n<p>Segundo o Corpo de Bombeiros de Tr\u00eas Barras, o motorista da Strada sofreu ferimentos graves e foi conduzido para o Pronto Atendimento de Tr\u00eas Barras. Ele aparentemente sofreu uma fratura na clav\u00edcula e seu estado \u00e9 est\u00e1vel.<\/p>\n\n\n\n<figure class=\"wp-block-image size-full\"><img loading=\"lazy\" decoding=\"async\" width=\"900\" height=\"408\" src=\"https:\/\/radiostudiow.com.br\/site\/wp-content\/uploads\/2025\/03\/SITE-E-TV-1.png\" alt=\"\" class=\"wp-image-35744\" srcset=\"https:\/\/radiostudiow.com.br\/site\/wp-content\/uploads\/2025\/03\/SITE-E-TV-1.png 900w, https:\/\/radiostudiow.com.br\/site\/wp-content\/uploads\/2025\/03\/SITE-E-TV-1-300x136.png 300w, https:\/\/radiostudiow.com.br\/site\/wp-content\/uploads\/2025\/03\/SITE-E-TV-1-768x348.png 768w\" sizes=\"auto, (max-width: 900px) 100vw, 900px\" \/><\/figure>\n\n\n\n<figure class=\"wp-block-image\"><img decoding=\"async\" src=\"https:\/\/portalrdx.com.br\/wp-content\/uploads\/2025\/04\/1000363845.jpg\" alt=\"\" class=\"wp-image-98979\"\/><\/figure>\n","protected":false},"excerpt":{"rendered":"<p>Um grave acidente foi registrado na Avenida Abrah\u00e3o Mussi, que d\u00e1 acesso a cidade de Tr\u00eas Barras, vindo de Canoinhas Por volta das 6h desta quarta-feira (09). A rodovia ficou completamente interditada por pelo menos uma hora. O motociclista\u00a0Jocimar Daniel, de 27 anos, ficou gravemente ferido e morreu ainda no local.\u00a0Havia forte neblina no momento [&hellip;]<\/p>\n","protected":false},"author":2,"featured_media":36690,"comment_status":"open","ping_status":"open","sticky":false,"template":"","format":"standard","meta":{"footnotes":""},"categories":[185],"tags":[172],"class_list":["post-36689","post","type-post","status-publish","format-standard","has-post-thumbnail","hentry","category-regional","tag-featured"],"amp_enabled":true,"_links":{"self":[{"href":"https:\/\/radiostudiow.com.br\/site\/wp-json\/wp\/v2\/posts\/36689","targetHints":{"allow":["GET"]}}],"collection":[{"href":"https:\/\/radiostudiow.com.br\/site\/wp-json\/wp\/v2\/posts"}],"about":[{"href":"https:\/\/radiostudiow.com.br\/site\/wp-json\/wp\/v2\/types\/post"}],"author":[{"embeddable":true,"href":"https:\/\/radiostudiow.com.br\/site\/wp-json\/wp\/v2\/users\/2"}],"replies":[{"embeddable":true,"href":"https:\/\/radiostudiow.com.br\/site\/wp-json\/wp\/v2\/comments?post=36689"}],"version-history":[{"count":1,"href":"https:\/\/radiostudiow.com.br\/site\/wp-json\/wp\/v2\/posts\/36689\/revisions"}],"predecessor-version":[{"id":36691,"href":"https:\/\/radiostudiow.com.br\/site\/wp-json\/wp\/v2\/posts\/36689\/revisions\/36691"}],"wp:featuredmedia":[{"embeddable":true,"href":"https:\/\/radiostudiow.com.br\/site\/wp-json\/wp\/v2\/media\/36690"}],"wp:attachment":[{"href":"https:\/\/radiostudiow.com.br\/site\/wp-json\/wp\/v2\/media?parent=36689"}],"wp:term":[{"taxonomy":"category","embeddable":true,"href":"https:\/\/radiostudiow.com.br\/site\/wp-json\/wp\/v2\/categories?post=36689"},{"taxonomy":"post_tag","embeddable":true,"href":"https:\/\/radiostudiow.com.br\/site\/wp-json\/wp\/v2\/tags?post=36689"}],"curies":[{"name":"wp","href":"https:\/\/api.w.org\/{rel}","templated":true}]}}