{"id":36722,"date":"2025-04-10T10:09:02","date_gmt":"2025-04-10T13:09:02","guid":{"rendered":"https:\/\/radiostudiow.com.br\/site\/?p=36722"},"modified":"2025-04-10T10:09:53","modified_gmt":"2025-04-10T13:09:53","slug":"trio-acusado-de-envolvimento-na-morte-de-sagui-sera-julgado-nesta-quinta-feira","status":"publish","type":"post","link":"https:\/\/radiostudiow.com.br\/site\/2025\/04\/10\/trio-acusado-de-envolvimento-na-morte-de-sagui-sera-julgado-nesta-quinta-feira\/","title":{"rendered":"Trio acusado de envolvimento na morte de \u201cSagui\u201d ser\u00e1 julgado nesta quinta-feira (10)"},"content":{"rendered":"\n<p class=\"has-text-align-center\"><em><a href=\"https:\/\/www.vvale.com.br\/\" data-type=\"link\" data-id=\"https:\/\/www.vvale.com.br\/\">Informa\u00e7\u00f5es Portal V.Vale<\/a><\/em><\/p>\n\n\n\n<p>Tr\u00eas homens ser\u00e3o julgados nesta quinta-feira, 10 de abril, no F\u00f3rum de Porto Uni\u00e3o, acusados de envolvimento na\u00a0morte de Everson Moreira de Almeida, conhecido como \u201cSagui\u201d. Os r\u00e9us s\u00e3o Niumar Schmitz, de 42 anos, Jean Carlos de Souza, de 27, e Remi de Lima, de 32 anos.<\/p>\n\n\n\n<p>O crime ocorreu na manh\u00e3 de 14 de mar\u00e7o de 2024, em um ponto de \u00f4nibus. Everson recebeu dois tiros e morreu ainda no local.\u00a0Ele estava a caminho do trabalho e, segundo as investiga\u00e7\u00f5es, foi morto por engano, ap\u00f3s ser confundido com o verdadeiro alvo da execu\u00e7\u00e3o.<\/p>\n\n\n\n<figure class=\"wp-block-image size-full\"><img loading=\"lazy\" decoding=\"async\" width=\"897\" height=\"204\" src=\"https:\/\/radiostudiow.com.br\/site\/wp-content\/uploads\/2025\/03\/BARAO-NOVO-NOTICIAS-1.jpg\" alt=\"\" class=\"wp-image-35084\" srcset=\"https:\/\/radiostudiow.com.br\/site\/wp-content\/uploads\/2025\/03\/BARAO-NOVO-NOTICIAS-1.jpg 897w, https:\/\/radiostudiow.com.br\/site\/wp-content\/uploads\/2025\/03\/BARAO-NOVO-NOTICIAS-1-300x68.jpg 300w, https:\/\/radiostudiow.com.br\/site\/wp-content\/uploads\/2025\/03\/BARAO-NOVO-NOTICIAS-1-768x175.jpg 768w\" sizes=\"auto, (max-width: 897px) 100vw, 897px\" \/><\/figure>\n\n\n\n<p>De acordo com a den\u00fancia do Minist\u00e9rio P\u00fablico, o assassinato teria sido encomendado por Niumar Schmitz, que pretendia matar seu irm\u00e3o.\u00a0Para isso, ele teria contado com o apoio de Jean Carlos de Souza e Remi de Lima, que teriam repassado a ordem a outros dois executores.<\/p>\n\n\n\n<p><em><strong>Everson, entretanto, acabou sendo confundido com o suposto alvo.<\/strong><\/em><\/p>\n\n\n\n<p>O caso gerou grande repercuss\u00e3o e mobilizou intensamente as for\u00e7as de seguran\u00e7a da regi\u00e3o, principalmente devido \u00e0 poss\u00edvel liga\u00e7\u00e3o dos envolvidos com uma fac\u00e7\u00e3o criminosa.<\/p>\n\n\n\n<p>O julgamento ser\u00e1 realizado ao longo de toda a quinta-feira. Niumar Schmitz e Jean Carlos de Souza seguem presos no Pres\u00eddio Regional de Porto Uni\u00e3o. Remi de Lima continua foragido.<\/p>\n\n\n\n<figure class=\"wp-block-image size-full\"><img loading=\"lazy\" decoding=\"async\" width=\"897\" height=\"204\" src=\"https:\/\/radiostudiow.com.br\/site\/wp-content\/uploads\/2025\/01\/SITE-GRANDE.png\" alt=\"\" class=\"wp-image-32809\" srcset=\"https:\/\/radiostudiow.com.br\/site\/wp-content\/uploads\/2025\/01\/SITE-GRANDE.png 897w, https:\/\/radiostudiow.com.br\/site\/wp-content\/uploads\/2025\/01\/SITE-GRANDE-300x68.png 300w, https:\/\/radiostudiow.com.br\/site\/wp-content\/uploads\/2025\/01\/SITE-GRANDE-768x175.png 768w\" sizes=\"auto, (max-width: 897px) 100vw, 897px\" \/><\/figure>\n\n\n\n<figure class=\"wp-block-embed is-type-wp-embed is-provider-studio-w wp-block-embed-studio-w\"><div class=\"wp-block-embed__wrapper\">\n<blockquote class=\"wp-embedded-content\" data-secret=\"lSOF4EeVeQ\"><a href=\"https:\/\/radiostudiow.com.br\/site\/2024\/03\/16\/morre-no-hospital-homem-que-foi-baleado-na-cabeca-em-porto-uniao\/\">Morre no hospital homem que foi baleado na cabe\u00e7a em Porto Uni\u00e3o<\/a><\/blockquote><iframe loading=\"lazy\" class=\"wp-embedded-content\" sandbox=\"allow-scripts\" security=\"restricted\" style=\"position: absolute; visibility: hidden;\" title=\"&#8220;Morre no hospital homem que foi baleado na cabe\u00e7a em Porto Uni\u00e3o&#8221; &#8212; Studio W\" src=\"https:\/\/radiostudiow.com.br\/site\/2024\/03\/16\/morre-no-hospital-homem-que-foi-baleado-na-cabeca-em-porto-uniao\/embed\/#?secret=3kpknCBM04#?secret=lSOF4EeVeQ\" data-secret=\"lSOF4EeVeQ\" width=\"600\" height=\"338\" frameborder=\"0\" marginwidth=\"0\" marginheight=\"0\" scrolling=\"no\"><\/iframe>\n<\/div><\/figure>\n\n\n\n<figure class=\"wp-block-embed is-type-wp-embed is-provider-studio-w wp-block-embed-studio-w\"><div class=\"wp-block-embed__wrapper\">\n<blockquote class=\"wp-embedded-content\" data-secret=\"qqdXMYZ35X\"><a href=\"https:\/\/radiostudiow.com.br\/site\/2024\/04\/19\/policia-civil-localiza-e-prende-dois-suspeitos-do-homicidio-de-everson-moreira\/\">Pol\u00edcia Civil localiza e prende dois suspeitos do homic\u00eddio de Everson Moreira<\/a><\/blockquote><iframe loading=\"lazy\" class=\"wp-embedded-content\" sandbox=\"allow-scripts\" security=\"restricted\" style=\"position: absolute; visibility: hidden;\" title=\"&#8220;Pol\u00edcia Civil localiza e prende dois suspeitos do homic\u00eddio de Everson Moreira&#8221; &#8212; Studio W\" src=\"https:\/\/radiostudiow.com.br\/site\/2024\/04\/19\/policia-civil-localiza-e-prende-dois-suspeitos-do-homicidio-de-everson-moreira\/embed\/#?secret=hGI9HDDbot#?secret=qqdXMYZ35X\" data-secret=\"qqdXMYZ35X\" width=\"600\" height=\"338\" frameborder=\"0\" marginwidth=\"0\" marginheight=\"0\" scrolling=\"no\"><\/iframe>\n<\/div><\/figure>\n\n\n\n<figure class=\"wp-block-embed is-type-wp-embed is-provider-studio-w wp-block-embed-studio-w\"><div class=\"wp-block-embed__wrapper\">\n<blockquote class=\"wp-embedded-content\" data-secret=\"jQ392xNGUh\"><a href=\"https:\/\/radiostudiow.com.br\/site\/2024\/05\/10\/policia-civil-prende-mandantes-da-morte-de-everson-moreira\/\">Pol\u00edcia Civil prende mandantes da morte de Everson Moreira<\/a><\/blockquote><iframe loading=\"lazy\" class=\"wp-embedded-content\" sandbox=\"allow-scripts\" security=\"restricted\" style=\"position: absolute; visibility: hidden;\" title=\"&#8220;Pol\u00edcia Civil prende mandantes da morte de Everson Moreira&#8221; &#8212; Studio W\" src=\"https:\/\/radiostudiow.com.br\/site\/2024\/05\/10\/policia-civil-prende-mandantes-da-morte-de-everson-moreira\/embed\/#?secret=OorheSVlQv#?secret=jQ392xNGUh\" data-secret=\"jQ392xNGUh\" width=\"600\" height=\"338\" frameborder=\"0\" marginwidth=\"0\" marginheight=\"0\" scrolling=\"no\"><\/iframe>\n<\/div><\/figure>\n","protected":false},"excerpt":{"rendered":"<p>Informa\u00e7\u00f5es Portal V.Vale Tr\u00eas homens ser\u00e3o julgados nesta quinta-feira, 10 de abril, no F\u00f3rum de Porto Uni\u00e3o, acusados de envolvimento na\u00a0morte de Everson Moreira de Almeida, conhecido como \u201cSagui\u201d. Os r\u00e9us s\u00e3o Niumar Schmitz, de 42 anos, Jean Carlos de Souza, de 27, e Remi de Lima, de 32 anos. O crime ocorreu na manh\u00e3 [&hellip;]<\/p>\n","protected":false},"author":2,"featured_media":20658,"comment_status":"open","ping_status":"open","sticky":false,"template":"","format":"standard","meta":{"footnotes":""},"categories":[2],"tags":[],"class_list":["post-36722","post","type-post","status-publish","format-standard","has-post-thumbnail","hentry","category-policial"],"amp_enabled":true,"_links":{"self":[{"href":"https:\/\/radiostudiow.com.br\/site\/wp-json\/wp\/v2\/posts\/36722","targetHints":{"allow":["GET"]}}],"collection":[{"href":"https:\/\/radiostudiow.com.br\/site\/wp-json\/wp\/v2\/posts"}],"about":[{"href":"https:\/\/radiostudiow.com.br\/site\/wp-json\/wp\/v2\/types\/post"}],"author":[{"embeddable":true,"href":"https:\/\/radiostudiow.com.br\/site\/wp-json\/wp\/v2\/users\/2"}],"replies":[{"embeddable":true,"href":"https:\/\/radiostudiow.com.br\/site\/wp-json\/wp\/v2\/comments?post=36722"}],"version-history":[{"count":2,"href":"https:\/\/radiostudiow.com.br\/site\/wp-json\/wp\/v2\/posts\/36722\/revisions"}],"predecessor-version":[{"id":36724,"href":"https:\/\/radiostudiow.com.br\/site\/wp-json\/wp\/v2\/posts\/36722\/revisions\/36724"}],"wp:featuredmedia":[{"embeddable":true,"href":"https:\/\/radiostudiow.com.br\/site\/wp-json\/wp\/v2\/media\/20658"}],"wp:attachment":[{"href":"https:\/\/radiostudiow.com.br\/site\/wp-json\/wp\/v2\/media?parent=36722"}],"wp:term":[{"taxonomy":"category","embeddable":true,"href":"https:\/\/radiostudiow.com.br\/site\/wp-json\/wp\/v2\/categories?post=36722"},{"taxonomy":"post_tag","embeddable":true,"href":"https:\/\/radiostudiow.com.br\/site\/wp-json\/wp\/v2\/tags?post=36722"}],"curies":[{"name":"wp","href":"https:\/\/api.w.org\/{rel}","templated":true}]}}