{"id":36725,"date":"2025-04-10T10:13:28","date_gmt":"2025-04-10T13:13:28","guid":{"rendered":"https:\/\/radiostudiow.com.br\/site\/?p=36725"},"modified":"2025-04-10T10:18:19","modified_gmt":"2025-04-10T13:18:19","slug":"dois-acidentes-com-motocicletas-sao-registrados-na-noite-desta-quarta-9","status":"publish","type":"post","link":"https:\/\/radiostudiow.com.br\/site\/2025\/04\/10\/dois-acidentes-com-motocicletas-sao-registrados-na-noite-desta-quarta-9\/","title":{"rendered":"Dois acidentes com motocicletas s\u00e3o registrados no Vale do Igua\u00e7u"},"content":{"rendered":"\n<p>Dois acidentes de tr\u00e2nsito envolvendo motocicletas foram registrados no Vale do Igua\u00e7u, mobilizando equipes de resgate e chamando a aten\u00e7\u00e3o para os cuidados no tr\u00e2nsito na noite desta quarta-feira (09). <\/p>\n\n\n\n<figure class=\"wp-block-image size-full\"><img loading=\"lazy\" decoding=\"async\" width=\"598\" height=\"204\" src=\"https:\/\/radiostudiow.com.br\/site\/wp-content\/uploads\/2025\/01\/SITE-MEDIO.png\" alt=\"\" class=\"wp-image-32810\" srcset=\"https:\/\/radiostudiow.com.br\/site\/wp-content\/uploads\/2025\/01\/SITE-MEDIO.png 598w, https:\/\/radiostudiow.com.br\/site\/wp-content\/uploads\/2025\/01\/SITE-MEDIO-300x102.png 300w\" sizes=\"auto, (max-width: 598px) 100vw, 598px\" \/><\/figure>\n\n\n\n<p>O primeiro acidente ocorreu por volta das 18h30min na Rua Marechal Deodoro da Fonseca, esquina com a Rua Ucr\u00e2nia, pr\u00f3ximo ao sem\u00e1foro no bairro Rocio, em Uni\u00e3o da Vit\u00f3ria.<\/p>\n\n\n\n<p>Um jovem conduzia uma motocicleta Honda\/Fan 125cc, com placas da cidade, quando sofreu uma queda. Ele teve ferimentos considerados leves e foi prontamente atendido pela equipe do SAMU, sendo encaminhado para uma unidade hospitalar da regi\u00e3o.<\/p>\n\n\n\n<figure class=\"wp-block-image size-full\"><img loading=\"lazy\" decoding=\"async\" width=\"300\" height=\"180\" src=\"https:\/\/radiostudiow.com.br\/site\/wp-content\/uploads\/2025\/01\/SITE-PEQUENO.png\" alt=\"\" class=\"wp-image-32833\"\/><\/figure>\n\n\n\n<p>Cerca de meia hora depois, por volta das 19 horas o\u00a0Corpo de Bombeiros de Porto Uni\u00e3o foi acionado para atender outro acidente, desta vez na Avenida dos Ferrovi\u00e1rios, na rotat\u00f3ria que liga os bairros Santa Rosa e Jardim Bras\u00edlia. A colis\u00e3o envolveu um autom\u00f3vel VW\/Space Fox e uma motocicleta Honda\/Biz.<\/p>\n\n\n\n<p>A condutora da moto sofreu ferimentos e foi levada ao Hospital S\u00e3o Br\u00e1z para avalia\u00e7\u00e3o m\u00e9dica. J\u00e1 o motorista do carro n\u00e3o se feriu e permaneceu no local, prestando esclarecimentos \u00e0 Pol\u00edcia Militar.<a href=\"mailto:?subject=Dois%20acidentes%20com%20motocicletas%20s%C3%A3o%20registrados%20na%20noite%20desta%20quarta,%209&amp;body=https:\/\/www.vvale.com.br\/transito\/dois-acidentes-com-motocicletas-sao-registrados-na-noite-desta-quarta-9\/\" target=\"_blank\" rel=\"noreferrer noopener\"><\/a><\/p>\n\n\n<div class=\"wp-block-image\">\n<figure class=\"aligncenter\"><img decoding=\"async\" src=\"https:\/\/static5.vvale.com.br\/wp-content\/uploads\/2025\/04\/WhatsApp-Image-2025-04-09-at-19.29.24-625x600.jpeg\" alt=\"\" class=\"wp-image-562114\"\/><\/figure>\n<\/div>","protected":false},"excerpt":{"rendered":"<p>Dois acidentes de tr\u00e2nsito envolvendo motocicletas foram registrados no Vale do Igua\u00e7u, mobilizando equipes de resgate e chamando a aten\u00e7\u00e3o para os cuidados no tr\u00e2nsito na noite desta quarta-feira (09). O primeiro acidente ocorreu por volta das 18h30min na Rua Marechal Deodoro da Fonseca, esquina com a Rua Ucr\u00e2nia, pr\u00f3ximo ao sem\u00e1foro no bairro Rocio, [&hellip;]<\/p>\n","protected":false},"author":2,"featured_media":36726,"comment_status":"open","ping_status":"open","sticky":false,"template":"","format":"standard","meta":{"footnotes":""},"categories":[185],"tags":[172],"class_list":["post-36725","post","type-post","status-publish","format-standard","has-post-thumbnail","hentry","category-regional","tag-featured"],"amp_enabled":true,"_links":{"self":[{"href":"https:\/\/radiostudiow.com.br\/site\/wp-json\/wp\/v2\/posts\/36725","targetHints":{"allow":["GET"]}}],"collection":[{"href":"https:\/\/radiostudiow.com.br\/site\/wp-json\/wp\/v2\/posts"}],"about":[{"href":"https:\/\/radiostudiow.com.br\/site\/wp-json\/wp\/v2\/types\/post"}],"author":[{"embeddable":true,"href":"https:\/\/radiostudiow.com.br\/site\/wp-json\/wp\/v2\/users\/2"}],"replies":[{"embeddable":true,"href":"https:\/\/radiostudiow.com.br\/site\/wp-json\/wp\/v2\/comments?post=36725"}],"version-history":[{"count":3,"href":"https:\/\/radiostudiow.com.br\/site\/wp-json\/wp\/v2\/posts\/36725\/revisions"}],"predecessor-version":[{"id":36731,"href":"https:\/\/radiostudiow.com.br\/site\/wp-json\/wp\/v2\/posts\/36725\/revisions\/36731"}],"wp:featuredmedia":[{"embeddable":true,"href":"https:\/\/radiostudiow.com.br\/site\/wp-json\/wp\/v2\/media\/36726"}],"wp:attachment":[{"href":"https:\/\/radiostudiow.com.br\/site\/wp-json\/wp\/v2\/media?parent=36725"}],"wp:term":[{"taxonomy":"category","embeddable":true,"href":"https:\/\/radiostudiow.com.br\/site\/wp-json\/wp\/v2\/categories?post=36725"},{"taxonomy":"post_tag","embeddable":true,"href":"https:\/\/radiostudiow.com.br\/site\/wp-json\/wp\/v2\/tags?post=36725"}],"curies":[{"name":"wp","href":"https:\/\/api.w.org\/{rel}","templated":true}]}}