{"id":36732,"date":"2025-04-10T10:43:20","date_gmt":"2025-04-10T13:43:20","guid":{"rendered":"https:\/\/radiostudiow.com.br\/site\/?p=36732"},"modified":"2025-04-10T10:43:20","modified_gmt":"2025-04-10T13:43:20","slug":"assinada-ordem-de-servico-que-autoriza-inicio-da-obra-de-recuperacao-da-pr-170-em-bituruna","status":"publish","type":"post","link":"https:\/\/radiostudiow.com.br\/site\/2025\/04\/10\/assinada-ordem-de-servico-que-autoriza-inicio-da-obra-de-recuperacao-da-pr-170-em-bituruna\/","title":{"rendered":"Assinada ordem de servi\u00e7o que autoriza in\u00edcio da obra de recupera\u00e7\u00e3o da PR-170 em Bituruna"},"content":{"rendered":"\n<p class=\"has-text-align-center\"><em><a href=\"https:\/\/www.vvale.com.br\/\">Informa\u00e7\u00f5es Portal V.Vale<\/a><\/em><\/p>\n\n\n\n<p>Na tarde dessa quarta-feira, 09 de abril, o Deputado Estadual Hussein Bakri, anunciou em suas redes socais, que houve a assinatura da ordem de servi\u00e7o que autoriza o in\u00edcio da obra de recupera\u00e7\u00e3o da PR-170 em Bituruna.<\/p>\n\n\n\n<figure class=\"wp-block-image size-full\"><img loading=\"lazy\" decoding=\"async\" width=\"897\" height=\"204\" src=\"https:\/\/radiostudiow.com.br\/site\/wp-content\/uploads\/2025\/03\/image-62.png\" alt=\"\" class=\"wp-image-35859\" srcset=\"https:\/\/radiostudiow.com.br\/site\/wp-content\/uploads\/2025\/03\/image-62.png 897w, https:\/\/radiostudiow.com.br\/site\/wp-content\/uploads\/2025\/03\/image-62-300x68.png 300w, https:\/\/radiostudiow.com.br\/site\/wp-content\/uploads\/2025\/03\/image-62-768x175.png 768w\" sizes=\"auto, (max-width: 897px) 100vw, 897px\" \/><\/figure>\n\n\n\n<p>O investimento \u00e9 de R$ 20,2 milh\u00f5es do Governo do Estado. No total, ser\u00e3o revitalizados seis trechos danificados pelas fortes chuvas na regi\u00e3o. Esses primeiros tr\u00eas meses ser\u00e3o dedicados a sondagens, levantamentos e an\u00e1lises para elaborar os projetos b\u00e1sico e executivo de engenharia, para que ent\u00e3o se inicie efetivamente a obra, que tem prazo de um ano para conclus\u00e3o.<\/p>\n\n\n\n<p>Nesse meio tempo, o DER est\u00e1 realizando trabalhos pontuais na via para a garantia de seguran\u00e7a aos motoristas.<\/p>\n","protected":false},"excerpt":{"rendered":"<p>Informa\u00e7\u00f5es Portal V.Vale Na tarde dessa quarta-feira, 09 de abril, o Deputado Estadual Hussein Bakri, anunciou em suas redes socais, que houve a assinatura da ordem de servi\u00e7o que autoriza o in\u00edcio da obra de recupera\u00e7\u00e3o da PR-170 em Bituruna. O investimento \u00e9 de R$ 20,2 milh\u00f5es do Governo do Estado. No total, ser\u00e3o revitalizados [&hellip;]<\/p>\n","protected":false},"author":2,"featured_media":36733,"comment_status":"open","ping_status":"open","sticky":false,"template":"","format":"standard","meta":{"footnotes":""},"categories":[185],"tags":[172],"class_list":["post-36732","post","type-post","status-publish","format-standard","has-post-thumbnail","hentry","category-regional","tag-featured"],"amp_enabled":true,"_links":{"self":[{"href":"https:\/\/radiostudiow.com.br\/site\/wp-json\/wp\/v2\/posts\/36732","targetHints":{"allow":["GET"]}}],"collection":[{"href":"https:\/\/radiostudiow.com.br\/site\/wp-json\/wp\/v2\/posts"}],"about":[{"href":"https:\/\/radiostudiow.com.br\/site\/wp-json\/wp\/v2\/types\/post"}],"author":[{"embeddable":true,"href":"https:\/\/radiostudiow.com.br\/site\/wp-json\/wp\/v2\/users\/2"}],"replies":[{"embeddable":true,"href":"https:\/\/radiostudiow.com.br\/site\/wp-json\/wp\/v2\/comments?post=36732"}],"version-history":[{"count":1,"href":"https:\/\/radiostudiow.com.br\/site\/wp-json\/wp\/v2\/posts\/36732\/revisions"}],"predecessor-version":[{"id":36734,"href":"https:\/\/radiostudiow.com.br\/site\/wp-json\/wp\/v2\/posts\/36732\/revisions\/36734"}],"wp:featuredmedia":[{"embeddable":true,"href":"https:\/\/radiostudiow.com.br\/site\/wp-json\/wp\/v2\/media\/36733"}],"wp:attachment":[{"href":"https:\/\/radiostudiow.com.br\/site\/wp-json\/wp\/v2\/media?parent=36732"}],"wp:term":[{"taxonomy":"category","embeddable":true,"href":"https:\/\/radiostudiow.com.br\/site\/wp-json\/wp\/v2\/categories?post=36732"},{"taxonomy":"post_tag","embeddable":true,"href":"https:\/\/radiostudiow.com.br\/site\/wp-json\/wp\/v2\/tags?post=36732"}],"curies":[{"name":"wp","href":"https:\/\/api.w.org\/{rel}","templated":true}]}}