{"id":36737,"date":"2025-04-10T11:06:39","date_gmt":"2025-04-10T14:06:39","guid":{"rendered":"https:\/\/radiostudiow.com.br\/site\/?p=36737"},"modified":"2025-04-10T11:06:39","modified_gmt":"2025-04-10T14:06:39","slug":"pm-prende-homem-que-descumpria-medida-protetiva-de-urgencia-em-uniao-da-vitoria","status":"publish","type":"post","link":"https:\/\/radiostudiow.com.br\/site\/2025\/04\/10\/pm-prende-homem-que-descumpria-medida-protetiva-de-urgencia-em-uniao-da-vitoria\/","title":{"rendered":"PM prende homem que descumpria medida protetiva de urg\u00eancia em Uni\u00e3o da Vit\u00f3ria"},"content":{"rendered":"\n<p>A equipe da Pol\u00edcia Militar de Uni\u00e3o da Vit\u00f3ria recebeu den\u00fancia de que um homem estava descumprindo medida protetiva de urg\u00eancia.<\/p>\n\n\n\n<p>A situa\u00e7\u00e3o foi registada por volta das 19 horas dessa quarta-feira, 09 de abril, no bairro Panorama.<\/p>\n\n\n\n<figure class=\"wp-block-image size-full\"><img loading=\"lazy\" decoding=\"async\" width=\"897\" height=\"204\" src=\"https:\/\/radiostudiow.com.br\/site\/wp-content\/uploads\/2025\/01\/SITE-GRANDE2.png\" alt=\"\" class=\"wp-image-32805\" srcset=\"https:\/\/radiostudiow.com.br\/site\/wp-content\/uploads\/2025\/01\/SITE-GRANDE2.png 897w, https:\/\/radiostudiow.com.br\/site\/wp-content\/uploads\/2025\/01\/SITE-GRANDE2-300x68.png 300w, https:\/\/radiostudiow.com.br\/site\/wp-content\/uploads\/2025\/01\/SITE-GRANDE2-768x175.png 768w\" sizes=\"auto, (max-width: 897px) 100vw, 897px\" \/><\/figure>\n\n\n\n<p>No local, a v\u00edtima relatava que o autor havia se evadido antes da chegada da viatura, contudo, iniciadas as buscas, o indiv\u00edduo foi encontrado e recebeu voz de pris\u00e3o e foi conduzido at\u00e9 a Delegacia de Pol\u00edcia Civil para provid\u00eancias.<\/p>\n","protected":false},"excerpt":{"rendered":"<p>A equipe da Pol\u00edcia Militar de Uni\u00e3o da Vit\u00f3ria recebeu den\u00fancia de que um homem estava descumprindo medida protetiva de urg\u00eancia. A situa\u00e7\u00e3o foi registada por volta das 19 horas dessa quarta-feira, 09 de abril, no bairro Panorama. No local, a v\u00edtima relatava que o autor havia se evadido antes da chegada da viatura, contudo, [&hellip;]<\/p>\n","protected":false},"author":2,"featured_media":15416,"comment_status":"open","ping_status":"open","sticky":false,"template":"","format":"standard","meta":{"footnotes":""},"categories":[2],"tags":[172],"class_list":["post-36737","post","type-post","status-publish","format-standard","has-post-thumbnail","hentry","category-policial","tag-featured"],"amp_enabled":true,"_links":{"self":[{"href":"https:\/\/radiostudiow.com.br\/site\/wp-json\/wp\/v2\/posts\/36737","targetHints":{"allow":["GET"]}}],"collection":[{"href":"https:\/\/radiostudiow.com.br\/site\/wp-json\/wp\/v2\/posts"}],"about":[{"href":"https:\/\/radiostudiow.com.br\/site\/wp-json\/wp\/v2\/types\/post"}],"author":[{"embeddable":true,"href":"https:\/\/radiostudiow.com.br\/site\/wp-json\/wp\/v2\/users\/2"}],"replies":[{"embeddable":true,"href":"https:\/\/radiostudiow.com.br\/site\/wp-json\/wp\/v2\/comments?post=36737"}],"version-history":[{"count":1,"href":"https:\/\/radiostudiow.com.br\/site\/wp-json\/wp\/v2\/posts\/36737\/revisions"}],"predecessor-version":[{"id":36738,"href":"https:\/\/radiostudiow.com.br\/site\/wp-json\/wp\/v2\/posts\/36737\/revisions\/36738"}],"wp:featuredmedia":[{"embeddable":true,"href":"https:\/\/radiostudiow.com.br\/site\/wp-json\/wp\/v2\/media\/15416"}],"wp:attachment":[{"href":"https:\/\/radiostudiow.com.br\/site\/wp-json\/wp\/v2\/media?parent=36737"}],"wp:term":[{"taxonomy":"category","embeddable":true,"href":"https:\/\/radiostudiow.com.br\/site\/wp-json\/wp\/v2\/categories?post=36737"},{"taxonomy":"post_tag","embeddable":true,"href":"https:\/\/radiostudiow.com.br\/site\/wp-json\/wp\/v2\/tags?post=36737"}],"curies":[{"name":"wp","href":"https:\/\/api.w.org\/{rel}","templated":true}]}}