{"id":36756,"date":"2025-04-10T18:55:27","date_gmt":"2025-04-10T21:55:27","guid":{"rendered":"https:\/\/radiostudiow.com.br\/site\/?p=36756"},"modified":"2025-04-10T18:55:28","modified_gmt":"2025-04-10T21:55:28","slug":"campanha-nacional-de-vacinacao-contra-a-gripe-comeca-em-mallet-com-foco-em-grupos-prioritarios","status":"publish","type":"post","link":"https:\/\/radiostudiow.com.br\/site\/2025\/04\/10\/campanha-nacional-de-vacinacao-contra-a-gripe-comeca-em-mallet-com-foco-em-grupos-prioritarios\/","title":{"rendered":"Campanha Nacional de Vacina\u00e7\u00e3o contra a Gripe come\u00e7a em Mallet com foco em grupos priorit\u00e1rios"},"content":{"rendered":"\n<p>Teve in\u00edcio no dia 7 de abril, em Mallet, a Campanha Nacional de Vacina\u00e7\u00e3o contra a Gripe (Influenza), seguindo as diretrizes estabelecidas pelo Minist\u00e9rio da Sa\u00fade. A a\u00e7\u00e3o tem como principal objetivo reduzir complica\u00e7\u00f5es, interna\u00e7\u00f5es e \u00f3bitos provocados pelo v\u00edrus influenza, especialmente entre os grupos mais vulner\u00e1veis.<\/p>\n\n\n\n<figure class=\"wp-block-image size-full\"><img loading=\"lazy\" decoding=\"async\" width=\"897\" height=\"204\" src=\"https:\/\/radiostudiow.com.br\/site\/wp-content\/uploads\/2025\/01\/SITE-GRANDE3.png\" alt=\"\" class=\"wp-image-32900\" srcset=\"https:\/\/radiostudiow.com.br\/site\/wp-content\/uploads\/2025\/01\/SITE-GRANDE3.png 897w, https:\/\/radiostudiow.com.br\/site\/wp-content\/uploads\/2025\/01\/SITE-GRANDE3-300x68.png 300w, https:\/\/radiostudiow.com.br\/site\/wp-content\/uploads\/2025\/01\/SITE-GRANDE3-768x175.png 768w\" sizes=\"auto, (max-width: 897px) 100vw, 897px\" \/><\/figure>\n\n\n\n<p>A vacina\u00e7\u00e3o est\u00e1 sendo realizada nas Unidades B\u00e1sicas de Sa\u00fade (UBS) do munic\u00edpio, e neste primeiro momento, est\u00e1 voltada aos chamados grupos priorit\u00e1rios, definidos com base em crit\u00e9rios de maior risco para agravamento da doen\u00e7a.<\/p>\n\n\n\n<ul class=\"wp-block-list\">\n<li><strong>Confira quem pode se vacinar nesta etapa:<\/strong><\/li>\n\n\n\n<li>&#8211; Crian\u00e7as de 6 meses a menores de 6 anos<\/li>\n\n\n\n<li>&#8211; Idosos com 60 anos ou mais<\/li>\n\n\n\n<li>&#8211; Gestantes e pu\u00e9rperas (mulheres at\u00e9 45 dias ap\u00f3s o parto)<\/li>\n\n\n\n<li>&#8211; Povos ind\u00edgenas e quilombolas<\/li>\n\n\n\n<li>&#8211; Trabalhadores da sa\u00fade, da educa\u00e7\u00e3o, dos Correios, do transporte, entre outros<\/li>\n\n\n\n<li>&#8211; Pessoas com comorbidades ou defici\u00eancia permanente<\/li>\n\n\n\n<li>&#8211; Popula\u00e7\u00e3o em situa\u00e7\u00e3o de rua ou privada de liberdade<\/li>\n<\/ul>\n\n\n\n<figure class=\"wp-block-image size-full\"><img loading=\"lazy\" decoding=\"async\" width=\"598\" height=\"204\" src=\"https:\/\/radiostudiow.com.br\/site\/wp-content\/uploads\/2025\/01\/SITE-MEDIO7.png\" alt=\"\" class=\"wp-image-32801\" srcset=\"https:\/\/radiostudiow.com.br\/site\/wp-content\/uploads\/2025\/01\/SITE-MEDIO7.png 598w, https:\/\/radiostudiow.com.br\/site\/wp-content\/uploads\/2025\/01\/SITE-MEDIO7-300x102.png 300w\" sizes=\"auto, (max-width: 598px) 100vw, 598px\" \/><\/figure>\n\n\n\n<p>A orienta\u00e7\u00e3o da Secretaria Municipal de Sa\u00fade \u00e9 para que os integrantes desses grupos procurem a UBS mais pr\u00f3xima, munidos de documentos como a carteira de vacina\u00e7\u00e3o, CPF e o Cart\u00e3o do SUS. Tamb\u00e9m \u00e9 importante ficar atento ao cronograma divulgado pelas unidades, que organiza os atendimentos conforme o p\u00fablico-alvo.<\/p>\n\n\n\n<p>A imuniza\u00e7\u00e3o contra a gripe \u00e9 fundamental para prevenir casos graves da doen\u00e7a e aliviar a sobrecarga nos servi\u00e7os de sa\u00fade, especialmente durante os meses mais frios do ano, quando a circula\u00e7\u00e3o do v\u00edrus tende a aumentar.<\/p>\n\n\n\n<p>Mais informa\u00e7\u00f5es e a lista completa dos grupos priorit\u00e1rios est\u00e3o dispon\u00edveis nas Unidades de Sa\u00fade do munic\u00edpio.<\/p>\n","protected":false},"excerpt":{"rendered":"<p>Teve in\u00edcio no dia 7 de abril, em Mallet, a Campanha Nacional de Vacina\u00e7\u00e3o contra a Gripe (Influenza), seguindo as diretrizes estabelecidas pelo Minist\u00e9rio da Sa\u00fade. A a\u00e7\u00e3o tem como principal objetivo reduzir complica\u00e7\u00f5es, interna\u00e7\u00f5es e \u00f3bitos provocados pelo v\u00edrus influenza, especialmente entre os grupos mais vulner\u00e1veis. A vacina\u00e7\u00e3o est\u00e1 sendo realizada nas Unidades B\u00e1sicas [&hellip;]<\/p>\n","protected":false},"author":2,"featured_media":36757,"comment_status":"open","ping_status":"open","sticky":false,"template":"","format":"standard","meta":{"footnotes":""},"categories":[182],"tags":[172],"class_list":["post-36756","post","type-post","status-publish","format-standard","has-post-thumbnail","hentry","category-saude","tag-featured"],"amp_enabled":true,"_links":{"self":[{"href":"https:\/\/radiostudiow.com.br\/site\/wp-json\/wp\/v2\/posts\/36756","targetHints":{"allow":["GET"]}}],"collection":[{"href":"https:\/\/radiostudiow.com.br\/site\/wp-json\/wp\/v2\/posts"}],"about":[{"href":"https:\/\/radiostudiow.com.br\/site\/wp-json\/wp\/v2\/types\/post"}],"author":[{"embeddable":true,"href":"https:\/\/radiostudiow.com.br\/site\/wp-json\/wp\/v2\/users\/2"}],"replies":[{"embeddable":true,"href":"https:\/\/radiostudiow.com.br\/site\/wp-json\/wp\/v2\/comments?post=36756"}],"version-history":[{"count":1,"href":"https:\/\/radiostudiow.com.br\/site\/wp-json\/wp\/v2\/posts\/36756\/revisions"}],"predecessor-version":[{"id":36758,"href":"https:\/\/radiostudiow.com.br\/site\/wp-json\/wp\/v2\/posts\/36756\/revisions\/36758"}],"wp:featuredmedia":[{"embeddable":true,"href":"https:\/\/radiostudiow.com.br\/site\/wp-json\/wp\/v2\/media\/36757"}],"wp:attachment":[{"href":"https:\/\/radiostudiow.com.br\/site\/wp-json\/wp\/v2\/media?parent=36756"}],"wp:term":[{"taxonomy":"category","embeddable":true,"href":"https:\/\/radiostudiow.com.br\/site\/wp-json\/wp\/v2\/categories?post=36756"},{"taxonomy":"post_tag","embeddable":true,"href":"https:\/\/radiostudiow.com.br\/site\/wp-json\/wp\/v2\/tags?post=36756"}],"curies":[{"name":"wp","href":"https:\/\/api.w.org\/{rel}","templated":true}]}}